{"id":250533,"date":"2026-04-26T07:25:00","date_gmt":"2026-04-26T07:25:00","guid":{"rendered":"https:\/\/thefinancialincome.com\/a7c9d7a7-71df-419a-8410-a2fa35225c55\/"},"modified":"2026-04-26T07:25:47","modified_gmt":"2026-04-26T07:25:47","slug":"a7c9d7a7-71df-419a-8410-a2fa35225c55","status":"publish","type":"post","link":"https:\/\/thefinancialincome.com\/at\/a7c9d7a7-71df-419a-8410-a2fa35225c55\/","title":{"rendered":"Primeiro Emprego: Inicie sua Jornada Profissional com Sal\u00e1rio a Combinar e Crescimento"},"content":{"rendered":"<\/p>\n<\/p>\n<div style=\"background: #ffffff; border-radius: 12px; box-shadow: 0 10px 30px rgba(0, 0, 0, 0.1); width: 100%; max-width: 340px; padding: 25px; transition: transform 0.3s ease-in-out; overflow: visible; display: flex; flex-direction: column; position: relative; border: 1px solid #28a745; margin-top: 70px; margin-bottom: 50px; margin-left: auto; margin-right: auto;\">\n<div style=\"position: absolute; top: -35px; right: 15px; color: #28a745; padding: 5px 10px; border-radius: 6px; font-size: 14px; font-weight: bold; display: flex; align-items: center; z-index: 10;\">Recomendado para voc\u00ea<\/div>\n<div data-namespace-header=\"\" style=\"\">\n<h3 data-namespace-title=\"\" style=\"color: #333; font-size: 20px; font-weight: bold; text-align: left; margin-right: 50px; min-height: 50px; margin-top: 0px;\">Primeiro Emprego<\/h3>\n<\/p><\/div>\n<p data-namespace-prompt=\"\" style=\"font-size: 16px; color: #666; margin-bottom: 20px; line-height: 1.5; flex-grow: 1; text-align: left; margin-top: 0px;\">Vaga efetiva para quem busca sua entrada no mercado. Sal\u00e1rio a combinar. Ambiente acolhedor e chance real de aprendizado e desenvolvimento profissional. Recomendado para iniciantes.<\/p>\n<p>    <a data-namespace-url=\"\" href=\"https:\/\/thefinancialincome.com\/at\/redirect\/?https:\/\/www.bne.com.br\/vaga-de-emprego-na-area-a-em-sabara-mg\/primeiro-emprego\/3974790?utm_campaign=google_jobs_apply&#038;utm_source=google_jobs_apply&#038;utm_medium=organic\" style=\"width: 100%; display: inline-block; color: white; text-decoration: none; border-radius: 6px; font-size: 16px; font-weight: bold; text-align: center; transition: transform 0.3s ease, background 0.3s ease; margin-top: auto;\" data-namespace-id=\"5c0d2565-3ba9-4280-a382-ad2a691e2285\"><br \/>\n        <button style=\"width: 100%; height: 55px; background: #e9e9ed; border: 1px solid black; color: black;\">Candidatar-se \u00e0 vaga<\/button><br \/>\n    <\/a><br \/>\n    <small style=\"margin-top: 10px; color: #777; font-size: 12px; text-align: center; display: block;\">Voc\u00ea ser\u00e1 direcionado para outro site<\/small>\n<\/div>\n<h2>O que faz o profissional de primeiro emprego<\/h2>\n<p>O profissional de primeiro emprego atua com vendas, acompanha clientes em todo processo e oferece suporte ap\u00f3s a conclus\u00e3o da venda. O objetivo \u00e9 garantir a satisfa\u00e7\u00e3o total dos clientes, criando um relacionamento positivo e auxiliando nas necessidades de cada um.<\/p>\n<p>O dia a dia inclui atendimento direto ao p\u00fablico, entendimento dos produtos e servi\u00e7os, al\u00e9m de a\u00e7\u00f5es simples que contribuem para o bom funcionamento da empresa. \u00c9 fundamental manter organiza\u00e7\u00e3o, simpatia e disposi\u00e7\u00e3o para solucionar d\u00favidas dos clientes.<\/p>\n<p>Al\u00e9m disso, espera-se proatividade na resolu\u00e7\u00e3o de poss\u00edveis contratempos e foco em resultados, sempre com orienta\u00e7\u00e3o dos l\u00edderes e colegas mais experientes. O trabalho \u00e9 presencial, garantindo contato mais pr\u00f3ximo com a equipe e clientes.<\/p>\n<p>Para alcan\u00e7ar bons resultados, \u00e9 essencial estar aberto a aprender e receber feedbacks constantes, pois esse \u00e9 um momento de grande crescimento profissional. N\u00e3o se exige experi\u00eancia anterior, apenas vontade de aprender e colaborar.<\/p>\n<p>No contexto da vaga, a forma\u00e7\u00e3o profissional ocorre no dia a dia, tornando-se ideal para quem busca dar o primeiro passo no mercado de trabalho e adquirir experi\u00eancia real.<\/p>\n<h2>Pontos positivos da vaga<\/h2>\n<p>Entre os maiores atrativos est\u00e3o o contrato efetivo, ambiente saud\u00e1vel e a possibilidade de desenvolvimento profissional desde o in\u00edcio da trajet\u00f3ria.<\/p>\n<p>O suporte oferecido pelo time \u00e9 consistente, proporcionando seguran\u00e7a para quem est\u00e1 come\u00e7ando agora.<\/p>\n<p>Outro ponto positivo \u00e9 o sal\u00e1rio a combinar, o que permite alinhamento entre expectativas e o perfil do candidato.<\/p>\n<p>A empresa valoriza a evolu\u00e7\u00e3o interna, abrindo portas para novas oportunidades futuras, dependendo do desempenho individual.<\/p>\n<p>Al\u00e9m disso, h\u00e1 reconhecimento pelo esfor\u00e7o dos colaboradores, tornando a experi\u00eancia mais gratificante.<\/p>\n<h2>Pontos de aten\u00e7\u00e3o<\/h2>\n<p>A aus\u00eancia de experi\u00eancia exigida significa que o in\u00edcio pode ser desafiador para quem nunca atuou em vendas ou atendimento.<\/p>\n<p>Outro ponto \u00e9 a cobran\u00e7a pelos resultados e metas, comuns nesse tipo de fun\u00e7\u00e3o.<\/p>\n<p>A adapta\u00e7\u00e3o ao ambiente empresarial pode ser gradual, exigindo resili\u00eancia e paci\u00eancia no come\u00e7o.<\/p>\n<p>Como as tarefas s\u00e3o rotineiras, \u00e9 importante manter a motiva\u00e7\u00e3o elevada durante todo o per\u00edodo de aprendizagem.<\/p>\n<p>Por ser presencial, pode n\u00e3o atender quem busca home office ou hor\u00e1rios flex\u00edveis.<\/p>\n<h2>Veredito final<\/h2>\n<p>Essa vaga \u00e9 recomendada para jovens e iniciantes que buscam sua primeira experi\u00eancia e desejam aprender no ambiente real de trabalho.<\/p>\n<p>O suporte da equipe e a oportunidade de efetiva\u00e7\u00e3o s\u00e3o diferenciais para quem deseja crescer profissionalmente e se destacar.<\/p>\n<p>Apesar dos desafios naturais do in\u00edcio de carreira, \u00e9 uma porta de entrada acess\u00edvel e que agrega valor ao curr\u00edculo futuro.<\/p>\n<p>Quem tem vontade de aprender, gosta de intera\u00e7\u00e3o com pessoas e est\u00e1 em busca de estabilidade ter\u00e1 muitos benef\u00edcios com essa posi\u00e7\u00e3o.<\/p>\n<p>A decis\u00e3o de se candidatar depende do seu perfil e expectativas profissionais, mas, certamente, \u00e9 uma escolha pr\u00e1tica para quem quer evoluir rapidamente no mercado.<\/p>\n<div style=\"background: #ffffff; border-radius: 12px; box-shadow: 0 10px 30px rgba(0, 0, 0, 0.1); width: 100%; max-width: 340px; padding: 25px; transition: transform 0.3s ease-in-out; overflow: visible; display: flex; flex-direction: column; position: relative; border: 1px solid #28a745; margin-top: 70px; margin-bottom: 50px; margin-left: auto; margin-right: auto;\">\n<div style=\"position: absolute; top: -35px; right: 15px; color: #28a745; padding: 5px 10px; border-radius: 6px; font-size: 14px; font-weight: bold; display: flex; align-items: center; z-index: 10;\">Recomendado para voc\u00ea<\/div>\n<div data-namespace-header=\"\" style=\"\">\n<h3 data-namespace-title=\"\" style=\"color: #333; font-size: 20px; font-weight: bold; text-align: left; margin-right: 50px; min-height: 50px; margin-top: 0px;\">Primeiro Emprego<\/h3>\n<\/p><\/div>\n<p data-namespace-prompt=\"\" style=\"font-size: 16px; color: #666; margin-bottom: 20px; line-height: 1.5; flex-grow: 1; text-align: left; margin-top: 0px;\">Vaga efetiva para quem busca sua entrada no mercado. Sal\u00e1rio a combinar. Ambiente acolhedor e chance real de aprendizado e desenvolvimento profissional. Recomendado para iniciantes.<\/p>\n<p>    <a data-namespace-url=\"\" href=\"https:\/\/thefinancialincome.com\/at\/redirect\/?https:\/\/www.bne.com.br\/vaga-de-emprego-na-area-a-em-sabara-mg\/primeiro-emprego\/3974790?utm_campaign=google_jobs_apply&#038;utm_source=google_jobs_apply&#038;utm_medium=organic\" style=\"width: 100%; display: inline-block; color: white; text-decoration: none; border-radius: 6px; font-size: 16px; font-weight: bold; text-align: center; transition: transform 0.3s ease, background 0.3s ease; margin-top: auto;\" data-namespace-id=\"5c0d2565-3ba9-4280-a382-ad2a691e2285\"><br \/>\n        <button style=\"width: 100%; height: 55px; background: #e9e9ed; border: 1px solid black; color: black;\">Candidatar-se \u00e0 vaga<\/button><br \/>\n    <\/a><br \/>\n    <small style=\"margin-top: 10px; color: #777; font-size: 12px; text-align: center; display: block;\">Voc\u00ea ser\u00e1 direcionado para outro site<\/small>\n<\/div>","protected":false},"excerpt":{"rendered":"<p>Veja a an\u00e1lise da vaga de Primeiro Emprego, com sal\u00e1rio a combinar e crescimento pr\u00e1tico para quem busca iniciar a carreira e adquirir experi\u00eancia profissional.<\/p>","protected":false},"author":3,"featured_media":0,"comment_status":"open","ping_status":"open","sticky":false,"template":"","format":"standard","meta":{"_uag_custom_page_level_css":"","site-sidebar-layout":"default","site-content-layout":"","ast-site-content-layout":"","site-content-style":"default","site-sidebar-style":"default","ast-global-header-display":"","ast-banner-title-visibility":"","ast-main-header-display":"","ast-hfb-above-header-display":"","ast-hfb-below-header-display":"","ast-hfb-mobile-header-display":"","site-post-title":"","ast-breadcrumbs-content":"","ast-featured-img":"","footer-sml-layout":"","theme-transparent-header-meta":"","adv-header-id-meta":"","stick-header-meta":"","header-above-stick-meta":"","header-main-stick-meta":"","header-below-stick-meta":"","astra-migrate-meta-layouts":"default","ast-page-background-enabled":"default","ast-page-background-meta":{"desktop":{"background-color":"var(--ast-global-color-4)","background-image":"","background-repeat":"repeat","background-position":"center center","background-size":"auto","background-attachment":"scroll","background-type":"","background-media":"","overlay-type":"","overlay-color":"","overlay-opacity":"","overlay-gradient":""},"tablet":{"background-color":"","background-image":"","background-repeat":"repeat","background-position":"center center","background-size":"auto","background-attachment":"scroll","background-type":"","background-media":"","overlay-type":"","overlay-color":"","overlay-opacity":"","overlay-gradient":""},"mobile":{"background-color":"","background-image":"","background-repeat":"repeat","background-position":"center center","background-size":"auto","background-attachment":"scroll","background-type":"","background-media":"","overlay-type":"","overlay-color":"","overlay-opacity":"","overlay-gradient":""}},"ast-content-background-meta":{"desktop":{"background-color":"var(--ast-global-color-5)","background-image":"","background-repeat":"repeat","background-position":"center center","background-size":"auto","background-attachment":"scroll","background-type":"","background-media":"","overlay-type":"","overlay-color":"","overlay-opacity":"","overlay-gradient":""},"tablet":{"background-color":"var(--ast-global-color-5)","background-image":"","background-repeat":"repeat","background-position":"center center","background-size":"auto","background-attachment":"scroll","background-type":"","background-media":"","overlay-type":"","overlay-color":"","overlay-opacity":"","overlay-gradient":""},"mobile":{"background-color":"var(--ast-global-color-5)","background-image":"","background-repeat":"repeat","background-position":"center center","background-size":"auto","background-attachment":"scroll","background-type":"","background-media":"","overlay-type":"","overlay-color":"","overlay-opacity":"","overlay-gradient":""}},"footnotes":""},"categories":[10],"tags":[],"yoast_head":"<!-- This site is optimized with the Yoast SEO plugin v23.3 - https:\/\/yoast.com\/wordpress\/plugins\/seo\/ -->\n<title>Primeiro Emprego: Inicie sua Jornada Profissional com Sal\u00e1rio a Combinar e Crescimento - The Financial Income<\/title>\n<meta name=\"robots\" content=\"index, follow, max-snippet:-1, max-image-preview:large, max-video-preview:-1\" \/>\n<link rel=\"canonical\" href=\"https:\/\/thefinancialincome.com\/at\/a7c9d7a7-71df-419a-8410-a2fa35225c55\/\" \/>\n<meta property=\"og:locale\" content=\"de_DE\" \/>\n<meta property=\"og:type\" content=\"article\" \/>\n<meta property=\"og:title\" content=\"Primeiro Emprego: Inicie sua Jornada Profissional com Sal\u00e1rio a Combinar e Crescimento - The Financial Income\" \/>\n<meta property=\"og:description\" content=\"Veja a an\u00e1lise da vaga de Primeiro Emprego, com sal\u00e1rio a combinar e crescimento pr\u00e1tico para quem busca iniciar a carreira e adquirir experi\u00eancia profissional.\" \/>\n<meta property=\"og:url\" content=\"https:\/\/thefinancialincome.com\/at\/a7c9d7a7-71df-419a-8410-a2fa35225c55\/\" \/>\n<meta property=\"og:site_name\" content=\"The Financial Income\" \/>\n<meta property=\"article:published_time\" content=\"2026-04-26T07:25:00+00:00\" \/>\n<meta property=\"article:modified_time\" content=\"2026-04-26T07:25:47+00:00\" \/>\n<meta name=\"author\" content=\"Bruno Gianni\" \/>\n<meta name=\"twitter:card\" content=\"summary_large_image\" \/>\n<meta name=\"twitter:label1\" content=\"Written by\" \/>\n\t<meta name=\"twitter:data1\" content=\"Bruno Gianni\" \/>\n\t<meta name=\"twitter:label2\" content=\"Est. reading time\" \/>\n\t<meta name=\"twitter:data2\" content=\"3 Minuten\" \/>\n<script type=\"application\/ld+json\" class=\"yoast-schema-graph\">{\"@context\":\"https:\/\/schema.org\",\"@graph\":[{\"@type\":\"Article\",\"@id\":\"https:\/\/thefinancialincome.com\/a7c9d7a7-71df-419a-8410-a2fa35225c55\/#article\",\"isPartOf\":{\"@id\":\"https:\/\/thefinancialincome.com\/a7c9d7a7-71df-419a-8410-a2fa35225c55\/\"},\"author\":{\"name\":\"Bruno Gianni\",\"@id\":\"https:\/\/thefinancialincome.com\/#\/schema\/person\/d52888235fd6563bd07d97185d6a61e4\"},\"headline\":\"Primeiro Emprego: Inicie sua Jornada Profissional com Sal\u00e1rio a Combinar e Crescimento\",\"datePublished\":\"2026-04-26T07:25:00+00:00\",\"dateModified\":\"2026-04-26T07:25:47+00:00\",\"mainEntityOfPage\":{\"@id\":\"https:\/\/thefinancialincome.com\/a7c9d7a7-71df-419a-8410-a2fa35225c55\/\"},\"wordCount\":601,\"commentCount\":0,\"publisher\":{\"@id\":\"https:\/\/thefinancialincome.com\/#organization\"},\"articleSection\":[\"Hidden\"],\"inLanguage\":\"de-AT\",\"potentialAction\":[{\"@type\":\"CommentAction\",\"name\":\"Comment\",\"target\":[\"https:\/\/thefinancialincome.com\/a7c9d7a7-71df-419a-8410-a2fa35225c55\/#respond\"]}]},{\"@type\":\"WebPage\",\"@id\":\"https:\/\/thefinancialincome.com\/a7c9d7a7-71df-419a-8410-a2fa35225c55\/\",\"url\":\"https:\/\/thefinancialincome.com\/a7c9d7a7-71df-419a-8410-a2fa35225c55\/\",\"name\":\"Primeiro Emprego: Inicie sua Jornada Profissional com Sal\u00e1rio a Combinar e Crescimento - The Financial Income\",\"isPartOf\":{\"@id\":\"https:\/\/thefinancialincome.com\/#website\"},\"datePublished\":\"2026-04-26T07:25:00+00:00\",\"dateModified\":\"2026-04-26T07:25:47+00:00\",\"breadcrumb\":{\"@id\":\"https:\/\/thefinancialincome.com\/a7c9d7a7-71df-419a-8410-a2fa35225c55\/#breadcrumb\"},\"inLanguage\":\"de-AT\",\"potentialAction\":[{\"@type\":\"ReadAction\",\"target\":[\"https:\/\/thefinancialincome.com\/a7c9d7a7-71df-419a-8410-a2fa35225c55\/\"]}]},{\"@type\":\"BreadcrumbList\",\"@id\":\"https:\/\/thefinancialincome.com\/a7c9d7a7-71df-419a-8410-a2fa35225c55\/#breadcrumb\",\"itemListElement\":[{\"@type\":\"ListItem\",\"position\":1,\"name\":\"Home\",\"item\":\"https:\/\/thefinancialincome.com\/\"},{\"@type\":\"ListItem\",\"position\":2,\"name\":\"Primeiro Emprego: Inicie sua Jornada Profissional com Sal\u00e1rio a Combinar e Crescimento\"}]},{\"@type\":\"WebSite\",\"@id\":\"https:\/\/thefinancialincome.com\/#website\",\"url\":\"https:\/\/thefinancialincome.com\/\",\"name\":\"The Financial Income\",\"description\":\"\",\"publisher\":{\"@id\":\"https:\/\/thefinancialincome.com\/#organization\"},\"potentialAction\":[{\"@type\":\"SearchAction\",\"target\":{\"@type\":\"EntryPoint\",\"urlTemplate\":\"https:\/\/thefinancialincome.com\/?s={search_term_string}\"},\"query-input\":\"required name=search_term_string\"}],\"inLanguage\":\"de-AT\"},{\"@type\":\"Organization\",\"@id\":\"https:\/\/thefinancialincome.com\/#organization\",\"name\":\"The Financial Income\",\"url\":\"https:\/\/thefinancialincome.com\/\",\"logo\":{\"@type\":\"ImageObject\",\"inLanguage\":\"de-AT\",\"@id\":\"https:\/\/thefinancialincome.com\/#\/schema\/logo\/image\/\",\"url\":\"https:\/\/thefinancialincome.com\/wp-content\/uploads\/sites\/509\/2025\/12\/cropped-The-Financial-Income-01_-1.png\",\"contentUrl\":\"https:\/\/thefinancialincome.com\/wp-content\/uploads\/sites\/509\/2025\/12\/cropped-The-Financial-Income-01_-1.png\",\"width\":478,\"height\":455,\"caption\":\"The Financial Income\"},\"image\":{\"@id\":\"https:\/\/thefinancialincome.com\/#\/schema\/logo\/image\/\"}},{\"@type\":\"Person\",\"@id\":\"https:\/\/thefinancialincome.com\/#\/schema\/person\/d52888235fd6563bd07d97185d6a61e4\",\"name\":\"Bruno Gianni\",\"image\":{\"@type\":\"ImageObject\",\"inLanguage\":\"de-AT\",\"@id\":\"https:\/\/thefinancialincome.com\/#\/schema\/person\/image\/\",\"url\":\"https:\/\/secure.gravatar.com\/avatar\/0f5d42d7bf77874643c1478932860e3f?s=96&d=mm&r=g\",\"contentUrl\":\"https:\/\/secure.gravatar.com\/avatar\/0f5d42d7bf77874643c1478932860e3f?s=96&d=mm&r=g\",\"caption\":\"Bruno Gianni\"},\"description\":\"Bruno writes the way he lives, with curiosity, care, and respect for people. He likes to observe, listen, and try to understand what is happening on the other side before putting any words on the page.For him, writing is not about impressing, but about getting closer. It is about turning thoughts into something simple, clear, and real. Every text is an ongoing conversation, created with care and honesty, with the sincere intention of touching someone, somewhere along the way.\",\"url\":\"https:\/\/thefinancialincome.com\/at\/author\/bcgianni\/\"}]}<\/script>\n<!-- \/ Yoast SEO plugin. -->","yoast_head_json":{"title":"Primeiro Emprego: Inicie sua Jornada Profissional com Sal\u00e1rio a Combinar e Crescimento - The Financial Income","robots":{"index":"index","follow":"follow","max-snippet":"max-snippet:-1","max-image-preview":"max-image-preview:large","max-video-preview":"max-video-preview:-1"},"canonical":"https:\/\/thefinancialincome.com\/at\/a7c9d7a7-71df-419a-8410-a2fa35225c55\/","og_locale":"de_DE","og_type":"article","og_title":"Primeiro Emprego: Inicie sua Jornada Profissional com Sal\u00e1rio a Combinar e Crescimento - The Financial Income","og_description":"Veja a an\u00e1lise da vaga de Primeiro Emprego, com sal\u00e1rio a combinar e crescimento pr\u00e1tico para quem busca iniciar a carreira e adquirir experi\u00eancia profissional.","og_url":"https:\/\/thefinancialincome.com\/at\/a7c9d7a7-71df-419a-8410-a2fa35225c55\/","og_site_name":"The Financial Income","article_published_time":"2026-04-26T07:25:00+00:00","article_modified_time":"2026-04-26T07:25:47+00:00","author":"Bruno Gianni","twitter_card":"summary_large_image","twitter_misc":{"Written by":"Bruno Gianni","Est. reading time":"3 Minuten"},"schema":{"@context":"https:\/\/schema.org","@graph":[{"@type":"Article","@id":"https:\/\/thefinancialincome.com\/a7c9d7a7-71df-419a-8410-a2fa35225c55\/#article","isPartOf":{"@id":"https:\/\/thefinancialincome.com\/a7c9d7a7-71df-419a-8410-a2fa35225c55\/"},"author":{"name":"Bruno Gianni","@id":"https:\/\/thefinancialincome.com\/#\/schema\/person\/d52888235fd6563bd07d97185d6a61e4"},"headline":"Primeiro Emprego: Inicie sua Jornada Profissional com Sal\u00e1rio a Combinar e Crescimento","datePublished":"2026-04-26T07:25:00+00:00","dateModified":"2026-04-26T07:25:47+00:00","mainEntityOfPage":{"@id":"https:\/\/thefinancialincome.com\/a7c9d7a7-71df-419a-8410-a2fa35225c55\/"},"wordCount":601,"commentCount":0,"publisher":{"@id":"https:\/\/thefinancialincome.com\/#organization"},"articleSection":["Hidden"],"inLanguage":"de-AT","potentialAction":[{"@type":"CommentAction","name":"Comment","target":["https:\/\/thefinancialincome.com\/a7c9d7a7-71df-419a-8410-a2fa35225c55\/#respond"]}]},{"@type":"WebPage","@id":"https:\/\/thefinancialincome.com\/a7c9d7a7-71df-419a-8410-a2fa35225c55\/","url":"https:\/\/thefinancialincome.com\/a7c9d7a7-71df-419a-8410-a2fa35225c55\/","name":"Primeiro Emprego: Inicie sua Jornada Profissional com Sal\u00e1rio a Combinar e Crescimento - The Financial Income","isPartOf":{"@id":"https:\/\/thefinancialincome.com\/#website"},"datePublished":"2026-04-26T07:25:00+00:00","dateModified":"2026-04-26T07:25:47+00:00","breadcrumb":{"@id":"https:\/\/thefinancialincome.com\/a7c9d7a7-71df-419a-8410-a2fa35225c55\/#breadcrumb"},"inLanguage":"de-AT","potentialAction":[{"@type":"ReadAction","target":["https:\/\/thefinancialincome.com\/a7c9d7a7-71df-419a-8410-a2fa35225c55\/"]}]},{"@type":"BreadcrumbList","@id":"https:\/\/thefinancialincome.com\/a7c9d7a7-71df-419a-8410-a2fa35225c55\/#breadcrumb","itemListElement":[{"@type":"ListItem","position":1,"name":"Home","item":"https:\/\/thefinancialincome.com\/"},{"@type":"ListItem","position":2,"name":"Primeiro Emprego: Inicie sua Jornada Profissional com Sal\u00e1rio a Combinar e Crescimento"}]},{"@type":"WebSite","@id":"https:\/\/thefinancialincome.com\/#website","url":"https:\/\/thefinancialincome.com\/","name":"The Financial Income","description":"","publisher":{"@id":"https:\/\/thefinancialincome.com\/#organization"},"potentialAction":[{"@type":"SearchAction","target":{"@type":"EntryPoint","urlTemplate":"https:\/\/thefinancialincome.com\/?s={search_term_string}"},"query-input":"required name=search_term_string"}],"inLanguage":"de-AT"},{"@type":"Organization","@id":"https:\/\/thefinancialincome.com\/#organization","name":"The Financial Income","url":"https:\/\/thefinancialincome.com\/","logo":{"@type":"ImageObject","inLanguage":"de-AT","@id":"https:\/\/thefinancialincome.com\/#\/schema\/logo\/image\/","url":"https:\/\/thefinancialincome.com\/wp-content\/uploads\/sites\/509\/2025\/12\/cropped-The-Financial-Income-01_-1.png","contentUrl":"https:\/\/thefinancialincome.com\/wp-content\/uploads\/sites\/509\/2025\/12\/cropped-The-Financial-Income-01_-1.png","width":478,"height":455,"caption":"The Financial Income"},"image":{"@id":"https:\/\/thefinancialincome.com\/#\/schema\/logo\/image\/"}},{"@type":"Person","@id":"https:\/\/thefinancialincome.com\/#\/schema\/person\/d52888235fd6563bd07d97185d6a61e4","name":"Bruno Gianni","image":{"@type":"ImageObject","inLanguage":"de-AT","@id":"https:\/\/thefinancialincome.com\/#\/schema\/person\/image\/","url":"https:\/\/secure.gravatar.com\/avatar\/0f5d42d7bf77874643c1478932860e3f?s=96&d=mm&r=g","contentUrl":"https:\/\/secure.gravatar.com\/avatar\/0f5d42d7bf77874643c1478932860e3f?s=96&d=mm&r=g","caption":"Bruno Gianni"},"description":"Bruno writes the way he lives, with curiosity, care, and respect for people. He likes to observe, listen, and try to understand what is happening on the other side before putting any words on the page.For him, writing is not about impressing, but about getting closer. It is about turning thoughts into something simple, clear, and real. Every text is an ongoing conversation, created with care and honesty, with the sincere intention of touching someone, somewhere along the way.","url":"https:\/\/thefinancialincome.com\/at\/author\/bcgianni\/"}]}},"uagb_featured_image_src":{"full":false,"thumbnail":false,"medium":false,"medium_large":false,"large":false,"1536x1536":false,"2048x2048":false,"trp-custom-language-flag":false},"uagb_author_info":{"display_name":"Bruno Gianni","author_link":"https:\/\/thefinancialincome.com\/at\/author\/bcgianni\/"},"uagb_comment_info":0,"uagb_excerpt":"Veja a an\u00e1lise da vaga de Primeiro Emprego, com sal\u00e1rio a combinar e crescimento pr\u00e1tico para quem busca iniciar a carreira e adquirir experi\u00eancia profissional.","_links":{"self":[{"href":"https:\/\/thefinancialincome.com\/at\/wp-json\/wp\/v2\/posts\/250533"}],"collection":[{"href":"https:\/\/thefinancialincome.com\/at\/wp-json\/wp\/v2\/posts"}],"about":[{"href":"https:\/\/thefinancialincome.com\/at\/wp-json\/wp\/v2\/types\/post"}],"author":[{"embeddable":true,"href":"https:\/\/thefinancialincome.com\/at\/wp-json\/wp\/v2\/users\/3"}],"replies":[{"embeddable":true,"href":"https:\/\/thefinancialincome.com\/at\/wp-json\/wp\/v2\/comments?post=250533"}],"version-history":[{"count":1,"href":"https:\/\/thefinancialincome.com\/at\/wp-json\/wp\/v2\/posts\/250533\/revisions"}],"predecessor-version":[{"id":250539,"href":"https:\/\/thefinancialincome.com\/at\/wp-json\/wp\/v2\/posts\/250533\/revisions\/250539"}],"wp:attachment":[{"href":"https:\/\/thefinancialincome.com\/at\/wp-json\/wp\/v2\/media?parent=250533"}],"wp:term":[{"taxonomy":"category","embeddable":true,"href":"https:\/\/thefinancialincome.com\/at\/wp-json\/wp\/v2\/categories?post=250533"},{"taxonomy":"post_tag","embeddable":true,"href":"https:\/\/thefinancialincome.com\/at\/wp-json\/wp\/v2\/tags?post=250533"}],"curies":[{"name":"wp","href":"https:\/\/api.w.org\/{rel}","templated":true}]}}