{"id":259832,"date":"2026-04-28T17:54:00","date_gmt":"2026-04-28T17:54:00","guid":{"rendered":"https:\/\/thefinancialincome.com\/e6797e1b-4012-4595-b254-c5c1f139dcae\/"},"modified":"2026-04-28T17:54:04","modified_gmt":"2026-04-28T17:54:04","slug":"e6797e1b-4012-4595-b254-c5c1f139dcae","status":"publish","type":"post","link":"https:\/\/thefinancialincome.com\/de\/e6797e1b-4012-4595-b254-c5c1f139dcae\/","title":{"rendered":"Auxiliar de Servi\u00e7os Gerais PCD: Sal\u00e1rio competitivo e ambiente de inclus\u00e3o"},"content":{"rendered":"<\/p>\n<\/p>\n<div style=\"background: #ffffff; border-radius: 12px; box-shadow: 0 10px 30px rgba(0, 0, 0, 0.1); width: 100%; max-width: 340px; padding: 25px; transition: transform 0.3s ease-in-out; overflow: visible; display: flex; flex-direction: column; position: relative; border: 1px solid #28a745; margin-top: 70px; margin-bottom: 50px; margin-left: auto; margin-right: auto;\">\n<div style=\"position: absolute; top: -35px; right: 15px; color: #28a745; padding: 5px 10px; border-radius: 6px; font-size: 14px; font-weight: bold; display: flex; align-items: center; z-index: 10;\">Recomendado para voc\u00ea<\/div>\n<div data-namespace-header=\"\" style=\"\">\n<h3 data-namespace-title=\"\" style=\"color: #333; font-size: 20px; font-weight: bold; text-align: left; margin-right: 50px; min-height: 50px; margin-top: 0px;\">Auxiliar de Servi\u00e7os Gerais PCD<\/h3>\n<\/p><\/div>\n<p data-namespace-prompt=\"\" style=\"font-size: 16px; color: #666; margin-bottom: 20px; line-height: 1.5; flex-grow: 1; text-align: left; margin-top: 0px;\">Vaga para apoio multifuncional, sal\u00e1rio estimado entre R$2.000 e R$5.000, contrata\u00e7\u00e3o CLT para PCD. Ambiente acolhedor para evolu\u00e7\u00e3o profissional. Ensino fundamental \u00e9 requisito.<\/p>\n<p>    <a data-namespace-url=\"\" href=\"https:\/\/thefinancialincome.com\/de\/redirect\/?https:\/\/www.melhoresempregos.com\/vaga\/auxiliar-de-servicos-gerais-feira-de-santana-pcd\/feira-de-santana-ba\/58740\/?utm_campaign=google_jobs_apply&#038;utm_source=google_jobs_apply&#038;utm_medium=organic\" style=\"width: 100%; display: inline-block; color: white; text-decoration: none; border-radius: 6px; font-size: 16px; font-weight: bold; text-align: center; transition: transform 0.3s ease, background 0.3s ease; margin-top: auto;\" data-namespace-id=\"5c0d2565-3ba9-4280-a382-ad2a691e2285\"><br \/>\n        <button style=\"width: 100%; height: 55px; background: #e9e9ed; border: 1px solid black; color: black;\">Candidatar-se \u00e0 vaga<\/button><br \/>\n    <\/a><br \/>\n    <small style=\"margin-top: 10px; color: #777; font-size: 12px; text-align: center; display: block;\">Sie wurden zur Outro-Site weitergeleitet<\/small>\n<\/div>\n<p>A vaga de Auxiliar de Servi\u00e7os Gerais PCD \u00e9 uma excelente oportunidade, oferecendo sal\u00e1rio estimado entre R$2.000 a R$5.000 e contrata\u00e7\u00e3o CLT efetiva. O trabalho \u00e9 presencial, destinado a pessoas com defici\u00eancia, e demanda proatividade, organiza\u00e7\u00e3o e disposi\u00e7\u00e3o f\u00edsica. O ensino fundamental completo \u00e9 necess\u00e1rio para participar do processo seletivo, que \u00e9 dividido em etapas de cadastro, entrevistas e contrata\u00e7\u00e3o.<\/p>\n<h2>Rotina e Responsabilidades<\/h2>\n<p>No dia a dia, esse profissional atua na limpeza de ambientes, controle e transporte de materiais e organiza\u00e7\u00e3o dos espa\u00e7os. Tamb\u00e9m presta suporte a setores diversos, realizando servi\u00e7os de copa e manuten\u00e7\u00e3o local, al\u00e9m de apoiar em tarefas como carregar objetos e devolver o ambiente limpo e pronto para uso.<\/p>\n<p>Utilizar corretamente produtos de limpeza faz parte da rotina, assim como cuidar da organiza\u00e7\u00e3o de m\u00f3veis, apoiar em pequenos reparos e garantir ambientes acolhedores e higienizados para todos na empresa. Com a diversidade de tarefas, o Auxiliar de Servi\u00e7os Gerais precisa ser vers\u00e1til e atento aos detalhes, sempre prezando pela seguran\u00e7a no ambiente de trabalho.<\/p>\n<p>\u00c9 importante, ainda, manter boa comunica\u00e7\u00e3o e sintonia com colegas de setores distintos, j\u00e1 que o servi\u00e7o muitas vezes envolve demandas interdepartamentais. Adaptar-se a diferentes solicita\u00e7\u00f5es e cumprir as atividades com dedica\u00e7\u00e3o fazem com que o profissional aumente sua empregabilidade e seja valorizado no mercado.<\/p>\n<h2>Pontos Positivos<\/h2>\n<p>Um dos principais destaques dessa vaga \u00e9 o ambiente de inclus\u00e3o que valoriza o trabalho das pessoas com defici\u00eancia. A empresa tamb\u00e9m investe no crescimento dos colaboradores, oferecendo oportunidades para desenvolvimento profissional interno.<\/p>\n<p>Outro ponto positivo \u00e9 a estabilidade da contrata\u00e7\u00e3o CLT, que garante benef\u00edcios legais e direitos trabalhistas. O sal\u00e1rio estimado \u00e9 competitivo para o segmento e proporciona seguran\u00e7a ao trabalhador. Al\u00e9m disso, o apoio \u00e0 diversidade enriquece a experi\u00eancia dentro da empresa.<\/p>\n<h2>Pontos Negativos<\/h2>\n<p>Entre os pontos a considerar est\u00e3o as exig\u00eancias f\u00edsicas da fun\u00e7\u00e3o, que podem ser desafiadoras para alguns candidatos. O trabalho \u00e9 presencial, o que exige maior deslocamento di\u00e1rio e disponibilidade em tempo integral conforme escala.<\/p>\n<p>Outra quest\u00e3o \u00e9 a rotina din\u00e2mica e variada, que, para quem prefere especializa\u00e7\u00e3o em um \u00fanico tipo de tarefa, pode n\u00e3o ser a mais indicada. Entretanto, para quem busca variedade, isso pode ser uma vantagem.<\/p>\n<h2>Veredito Final<\/h2>\n<p>A vaga de Auxiliar de Servi\u00e7os Gerais PCD oferece boa remunera\u00e7\u00e3o e estabilidade. Ideal para quem busca inclus\u00e3o, crescimento e reconhecimento profissional. Se voc\u00ea se identifica com um ambiente acolhedor e din\u00e2mico, essa oportunidade pode ser um passo importante na sua trajet\u00f3ria profissional. Aproveite a chance de se candidatar e mostrar seu potencial!<\/p>\n<div style=\"background: #ffffff; border-radius: 12px; box-shadow: 0 10px 30px rgba(0, 0, 0, 0.1); width: 100%; max-width: 340px; padding: 25px; transition: transform 0.3s ease-in-out; overflow: visible; display: flex; flex-direction: column; position: relative; border: 1px solid #28a745; margin-top: 70px; margin-bottom: 50px; margin-left: auto; margin-right: auto;\">\n<div style=\"position: absolute; top: -35px; right: 15px; color: #28a745; padding: 5px 10px; border-radius: 6px; font-size: 14px; font-weight: bold; display: flex; align-items: center; z-index: 10;\">Recomendado para voc\u00ea<\/div>\n<div data-namespace-header=\"\" style=\"\">\n<h3 data-namespace-title=\"\" style=\"color: #333; font-size: 20px; font-weight: bold; text-align: left; margin-right: 50px; min-height: 50px; margin-top: 0px;\">Auxiliar de Servi\u00e7os Gerais PCD<\/h3>\n<\/p><\/div>\n<p data-namespace-prompt=\"\" style=\"font-size: 16px; color: #666; margin-bottom: 20px; line-height: 1.5; flex-grow: 1; text-align: left; margin-top: 0px;\">Vaga para apoio multifuncional, sal\u00e1rio estimado entre R$2.000 e R$5.000, contrata\u00e7\u00e3o CLT para PCD. Ambiente acolhedor para evolu\u00e7\u00e3o profissional. Ensino fundamental \u00e9 requisito.<\/p>\n<p>    <a data-namespace-url=\"\" href=\"https:\/\/thefinancialincome.com\/de\/redirect\/?https:\/\/www.melhoresempregos.com\/vaga\/auxiliar-de-servicos-gerais-feira-de-santana-pcd\/feira-de-santana-ba\/58740\/?utm_campaign=google_jobs_apply&#038;utm_source=google_jobs_apply&#038;utm_medium=organic\" style=\"width: 100%; display: inline-block; color: white; text-decoration: none; border-radius: 6px; font-size: 16px; font-weight: bold; text-align: center; transition: transform 0.3s ease, background 0.3s ease; margin-top: auto;\" data-namespace-id=\"5c0d2565-3ba9-4280-a382-ad2a691e2285\"><br \/>\n        <button style=\"width: 100%; height: 55px; background: #e9e9ed; border: 1px solid black; color: black;\">Candidatar-se \u00e0 vaga<\/button><br \/>\n    <\/a><br \/>\n    <small style=\"margin-top: 10px; color: #777; font-size: 12px; text-align: center; display: block;\">Sie wurden zur Outro-Site weitergeleitet<\/small>\n<\/div>","protected":false},"excerpt":{"rendered":"<p>Vaga para Auxiliar de Servi\u00e7os Gerais PCD com sal\u00e1rio estimado competitivo, contrata\u00e7\u00e3o CLT e ambiente inclusivo. Uma excelente chance de iniciar ou crescer sua carreira!<\/p>","protected":false},"author":3,"featured_media":0,"comment_status":"open","ping_status":"open","sticky":false,"template":"","format":"standard","meta":{"_uag_custom_page_level_css":"","site-sidebar-layout":"default","site-content-layout":"","ast-site-content-layout":"","site-content-style":"default","site-sidebar-style":"default","ast-global-header-display":"","ast-banner-title-visibility":"","ast-main-header-display":"","ast-hfb-above-header-display":"","ast-hfb-below-header-display":"","ast-hfb-mobile-header-display":"","site-post-title":"","ast-breadcrumbs-content":"","ast-featured-img":"","footer-sml-layout":"","theme-transparent-header-meta":"","adv-header-id-meta":"","stick-header-meta":"","header-above-stick-meta":"","header-main-stick-meta":"","header-below-stick-meta":"","astra-migrate-meta-layouts":"default","ast-page-background-enabled":"default","ast-page-background-meta":{"desktop":{"background-color":"var(--ast-global-color-4)","background-image":"","background-repeat":"repeat","background-position":"center center","background-size":"auto","background-attachment":"scroll","background-type":"","background-media":"","overlay-type":"","overlay-color":"","overlay-opacity":"","overlay-gradient":""},"tablet":{"background-color":"","background-image":"","background-repeat":"repeat","background-position":"center center","background-size":"auto","background-attachment":"scroll","background-type":"","background-media":"","overlay-type":"","overlay-color":"","overlay-opacity":"","overlay-gradient":""},"mobile":{"background-color":"","background-image":"","background-repeat":"repeat","background-position":"center center","background-size":"auto","background-attachment":"scroll","background-type":"","background-media":"","overlay-type":"","overlay-color":"","overlay-opacity":"","overlay-gradient":""}},"ast-content-background-meta":{"desktop":{"background-color":"var(--ast-global-color-5)","background-image":"","background-repeat":"repeat","background-position":"center center","background-size":"auto","background-attachment":"scroll","background-type":"","background-media":"","overlay-type":"","overlay-color":"","overlay-opacity":"","overlay-gradient":""},"tablet":{"background-color":"var(--ast-global-color-5)","background-image":"","background-repeat":"repeat","background-position":"center center","background-size":"auto","background-attachment":"scroll","background-type":"","background-media":"","overlay-type":"","overlay-color":"","overlay-opacity":"","overlay-gradient":""},"mobile":{"background-color":"var(--ast-global-color-5)","background-image":"","background-repeat":"repeat","background-position":"center center","background-size":"auto","background-attachment":"scroll","background-type":"","background-media":"","overlay-type":"","overlay-color":"","overlay-opacity":"","overlay-gradient":""}},"footnotes":""},"categories":[10],"tags":[],"yoast_head":"<!-- This site is optimized with the Yoast SEO plugin v23.3 - https:\/\/yoast.com\/wordpress\/plugins\/seo\/ -->\n<title>Auxiliar de Servi\u00e7os Gerais PCD: Sal\u00e1rio competitivo e ambiente de inclus\u00e3o - The Financial Income<\/title>\n<meta name=\"robots\" content=\"index, follow, max-snippet:-1, max-image-preview:large, max-video-preview:-1\" \/>\n<link rel=\"canonical\" href=\"https:\/\/thefinancialincome.com\/de\/e6797e1b-4012-4595-b254-c5c1f139dcae\/\" \/>\n<meta property=\"og:locale\" content=\"de_DE\" \/>\n<meta property=\"og:type\" content=\"article\" \/>\n<meta property=\"og:title\" content=\"Auxiliar de Servi\u00e7os Gerais PCD: Sal\u00e1rio competitivo e ambiente de inclus\u00e3o - The Financial Income\" \/>\n<meta property=\"og:description\" content=\"Vaga para Auxiliar de Servi\u00e7os Gerais PCD com sal\u00e1rio estimado competitivo, contrata\u00e7\u00e3o CLT e ambiente inclusivo. Uma excelente chance de iniciar ou crescer sua carreira!\" \/>\n<meta property=\"og:url\" content=\"https:\/\/thefinancialincome.com\/de\/e6797e1b-4012-4595-b254-c5c1f139dcae\/\" \/>\n<meta property=\"og:site_name\" content=\"The Financial Income\" \/>\n<meta property=\"article:published_time\" content=\"2026-04-28T17:54:00+00:00\" \/>\n<meta property=\"article:modified_time\" content=\"2026-04-28T17:54:04+00:00\" \/>\n<meta name=\"author\" content=\"Bruno Gianni\" \/>\n<meta name=\"twitter:card\" content=\"summary_large_image\" \/>\n<meta name=\"twitter:label1\" content=\"Written by\" \/>\n\t<meta name=\"twitter:data1\" content=\"Bruno Gianni\" \/>\n\t<meta name=\"twitter:label2\" content=\"Est. reading time\" \/>\n\t<meta name=\"twitter:data2\" content=\"3 Minuten\" \/>\n<script type=\"application\/ld+json\" class=\"yoast-schema-graph\">{\"@context\":\"https:\/\/schema.org\",\"@graph\":[{\"@type\":\"Article\",\"@id\":\"https:\/\/thefinancialincome.com\/e6797e1b-4012-4595-b254-c5c1f139dcae\/#article\",\"isPartOf\":{\"@id\":\"https:\/\/thefinancialincome.com\/e6797e1b-4012-4595-b254-c5c1f139dcae\/\"},\"author\":{\"name\":\"Bruno Gianni\",\"@id\":\"https:\/\/thefinancialincome.com\/#\/schema\/person\/d52888235fd6563bd07d97185d6a61e4\"},\"headline\":\"Auxiliar de Servi\u00e7os Gerais PCD: Sal\u00e1rio competitivo e ambiente de inclus\u00e3o\",\"datePublished\":\"2026-04-28T17:54:00+00:00\",\"dateModified\":\"2026-04-28T17:54:04+00:00\",\"mainEntityOfPage\":{\"@id\":\"https:\/\/thefinancialincome.com\/e6797e1b-4012-4595-b254-c5c1f139dcae\/\"},\"wordCount\":550,\"commentCount\":0,\"publisher\":{\"@id\":\"https:\/\/thefinancialincome.com\/#organization\"},\"articleSection\":[\"Hidden\"],\"inLanguage\":\"de-DE\",\"potentialAction\":[{\"@type\":\"CommentAction\",\"name\":\"Comment\",\"target\":[\"https:\/\/thefinancialincome.com\/e6797e1b-4012-4595-b254-c5c1f139dcae\/#respond\"]}]},{\"@type\":\"WebPage\",\"@id\":\"https:\/\/thefinancialincome.com\/e6797e1b-4012-4595-b254-c5c1f139dcae\/\",\"url\":\"https:\/\/thefinancialincome.com\/e6797e1b-4012-4595-b254-c5c1f139dcae\/\",\"name\":\"Auxiliar de Servi\u00e7os Gerais PCD: Sal\u00e1rio competitivo e ambiente de inclus\u00e3o - The Financial Income\",\"isPartOf\":{\"@id\":\"https:\/\/thefinancialincome.com\/#website\"},\"datePublished\":\"2026-04-28T17:54:00+00:00\",\"dateModified\":\"2026-04-28T17:54:04+00:00\",\"breadcrumb\":{\"@id\":\"https:\/\/thefinancialincome.com\/e6797e1b-4012-4595-b254-c5c1f139dcae\/#breadcrumb\"},\"inLanguage\":\"de-DE\",\"potentialAction\":[{\"@type\":\"ReadAction\",\"target\":[\"https:\/\/thefinancialincome.com\/e6797e1b-4012-4595-b254-c5c1f139dcae\/\"]}]},{\"@type\":\"BreadcrumbList\",\"@id\":\"https:\/\/thefinancialincome.com\/e6797e1b-4012-4595-b254-c5c1f139dcae\/#breadcrumb\",\"itemListElement\":[{\"@type\":\"ListItem\",\"position\":1,\"name\":\"Home\",\"item\":\"https:\/\/thefinancialincome.com\/\"},{\"@type\":\"ListItem\",\"position\":2,\"name\":\"Auxiliar de Servi\u00e7os Gerais PCD: Sal\u00e1rio competitivo e ambiente de inclus\u00e3o\"}]},{\"@type\":\"WebSite\",\"@id\":\"https:\/\/thefinancialincome.com\/#website\",\"url\":\"https:\/\/thefinancialincome.com\/\",\"name\":\"The Financial Income\",\"description\":\"\",\"publisher\":{\"@id\":\"https:\/\/thefinancialincome.com\/#organization\"},\"potentialAction\":[{\"@type\":\"SearchAction\",\"target\":{\"@type\":\"EntryPoint\",\"urlTemplate\":\"https:\/\/thefinancialincome.com\/?s={search_term_string}\"},\"query-input\":\"required name=search_term_string\"}],\"inLanguage\":\"de-DE\"},{\"@type\":\"Organization\",\"@id\":\"https:\/\/thefinancialincome.com\/#organization\",\"name\":\"The Financial Income\",\"url\":\"https:\/\/thefinancialincome.com\/\",\"logo\":{\"@type\":\"ImageObject\",\"inLanguage\":\"de-DE\",\"@id\":\"https:\/\/thefinancialincome.com\/#\/schema\/logo\/image\/\",\"url\":\"https:\/\/thefinancialincome.com\/wp-content\/uploads\/sites\/509\/2025\/12\/cropped-The-Financial-Income-01_-1.png\",\"contentUrl\":\"https:\/\/thefinancialincome.com\/wp-content\/uploads\/sites\/509\/2025\/12\/cropped-The-Financial-Income-01_-1.png\",\"width\":478,\"height\":455,\"caption\":\"The Financial Income\"},\"image\":{\"@id\":\"https:\/\/thefinancialincome.com\/#\/schema\/logo\/image\/\"}},{\"@type\":\"Person\",\"@id\":\"https:\/\/thefinancialincome.com\/#\/schema\/person\/d52888235fd6563bd07d97185d6a61e4\",\"name\":\"Bruno Gianni\",\"image\":{\"@type\":\"ImageObject\",\"inLanguage\":\"de-DE\",\"@id\":\"https:\/\/thefinancialincome.com\/#\/schema\/person\/image\/\",\"url\":\"https:\/\/secure.gravatar.com\/avatar\/0f5d42d7bf77874643c1478932860e3f?s=96&d=mm&r=g\",\"contentUrl\":\"https:\/\/secure.gravatar.com\/avatar\/0f5d42d7bf77874643c1478932860e3f?s=96&d=mm&r=g\",\"caption\":\"Bruno Gianni\"},\"description\":\"Bruno writes the way he lives, with curiosity, care, and respect for people. He likes to observe, listen, and try to understand what is happening on the other side before putting any words on the page.For him, writing is not about impressing, but about getting closer. It is about turning thoughts into something simple, clear, and real. Every text is an ongoing conversation, created with care and honesty, with the sincere intention of touching someone, somewhere along the way.\",\"url\":\"https:\/\/thefinancialincome.com\/de\/author\/bcgianni\/\"}]}<\/script>\n<!-- \/ Yoast SEO plugin. -->","yoast_head_json":{"title":"Auxiliar de Servi\u00e7os Gerais PCD: Sal\u00e1rio competitivo e ambiente de inclus\u00e3o - The Financial Income","robots":{"index":"index","follow":"follow","max-snippet":"max-snippet:-1","max-image-preview":"max-image-preview:large","max-video-preview":"max-video-preview:-1"},"canonical":"https:\/\/thefinancialincome.com\/de\/e6797e1b-4012-4595-b254-c5c1f139dcae\/","og_locale":"de_DE","og_type":"article","og_title":"Auxiliar de Servi\u00e7os Gerais PCD: Sal\u00e1rio competitivo e ambiente de inclus\u00e3o - The Financial Income","og_description":"Vaga para Auxiliar de Servi\u00e7os Gerais PCD com sal\u00e1rio estimado competitivo, contrata\u00e7\u00e3o CLT e ambiente inclusivo. Uma excelente chance de iniciar ou crescer sua carreira!","og_url":"https:\/\/thefinancialincome.com\/de\/e6797e1b-4012-4595-b254-c5c1f139dcae\/","og_site_name":"The Financial Income","article_published_time":"2026-04-28T17:54:00+00:00","article_modified_time":"2026-04-28T17:54:04+00:00","author":"Bruno Gianni","twitter_card":"summary_large_image","twitter_misc":{"Written by":"Bruno Gianni","Est. reading time":"3 Minuten"},"schema":{"@context":"https:\/\/schema.org","@graph":[{"@type":"Article","@id":"https:\/\/thefinancialincome.com\/e6797e1b-4012-4595-b254-c5c1f139dcae\/#article","isPartOf":{"@id":"https:\/\/thefinancialincome.com\/e6797e1b-4012-4595-b254-c5c1f139dcae\/"},"author":{"name":"Bruno Gianni","@id":"https:\/\/thefinancialincome.com\/#\/schema\/person\/d52888235fd6563bd07d97185d6a61e4"},"headline":"Auxiliar de Servi\u00e7os Gerais PCD: Sal\u00e1rio competitivo e ambiente de inclus\u00e3o","datePublished":"2026-04-28T17:54:00+00:00","dateModified":"2026-04-28T17:54:04+00:00","mainEntityOfPage":{"@id":"https:\/\/thefinancialincome.com\/e6797e1b-4012-4595-b254-c5c1f139dcae\/"},"wordCount":550,"commentCount":0,"publisher":{"@id":"https:\/\/thefinancialincome.com\/#organization"},"articleSection":["Hidden"],"inLanguage":"de-DE","potentialAction":[{"@type":"CommentAction","name":"Comment","target":["https:\/\/thefinancialincome.com\/e6797e1b-4012-4595-b254-c5c1f139dcae\/#respond"]}]},{"@type":"WebPage","@id":"https:\/\/thefinancialincome.com\/e6797e1b-4012-4595-b254-c5c1f139dcae\/","url":"https:\/\/thefinancialincome.com\/e6797e1b-4012-4595-b254-c5c1f139dcae\/","name":"Auxiliar de Servi\u00e7os Gerais PCD: Sal\u00e1rio competitivo e ambiente de inclus\u00e3o - The Financial Income","isPartOf":{"@id":"https:\/\/thefinancialincome.com\/#website"},"datePublished":"2026-04-28T17:54:00+00:00","dateModified":"2026-04-28T17:54:04+00:00","breadcrumb":{"@id":"https:\/\/thefinancialincome.com\/e6797e1b-4012-4595-b254-c5c1f139dcae\/#breadcrumb"},"inLanguage":"de-DE","potentialAction":[{"@type":"ReadAction","target":["https:\/\/thefinancialincome.com\/e6797e1b-4012-4595-b254-c5c1f139dcae\/"]}]},{"@type":"BreadcrumbList","@id":"https:\/\/thefinancialincome.com\/e6797e1b-4012-4595-b254-c5c1f139dcae\/#breadcrumb","itemListElement":[{"@type":"ListItem","position":1,"name":"Home","item":"https:\/\/thefinancialincome.com\/"},{"@type":"ListItem","position":2,"name":"Auxiliar de Servi\u00e7os Gerais PCD: Sal\u00e1rio competitivo e ambiente de inclus\u00e3o"}]},{"@type":"WebSite","@id":"https:\/\/thefinancialincome.com\/#website","url":"https:\/\/thefinancialincome.com\/","name":"The Financial Income","description":"","publisher":{"@id":"https:\/\/thefinancialincome.com\/#organization"},"potentialAction":[{"@type":"SearchAction","target":{"@type":"EntryPoint","urlTemplate":"https:\/\/thefinancialincome.com\/?s={search_term_string}"},"query-input":"required name=search_term_string"}],"inLanguage":"de-DE"},{"@type":"Organization","@id":"https:\/\/thefinancialincome.com\/#organization","name":"The Financial Income","url":"https:\/\/thefinancialincome.com\/","logo":{"@type":"ImageObject","inLanguage":"de-DE","@id":"https:\/\/thefinancialincome.com\/#\/schema\/logo\/image\/","url":"https:\/\/thefinancialincome.com\/wp-content\/uploads\/sites\/509\/2025\/12\/cropped-The-Financial-Income-01_-1.png","contentUrl":"https:\/\/thefinancialincome.com\/wp-content\/uploads\/sites\/509\/2025\/12\/cropped-The-Financial-Income-01_-1.png","width":478,"height":455,"caption":"The Financial Income"},"image":{"@id":"https:\/\/thefinancialincome.com\/#\/schema\/logo\/image\/"}},{"@type":"Person","@id":"https:\/\/thefinancialincome.com\/#\/schema\/person\/d52888235fd6563bd07d97185d6a61e4","name":"Bruno Gianni","image":{"@type":"ImageObject","inLanguage":"de-DE","@id":"https:\/\/thefinancialincome.com\/#\/schema\/person\/image\/","url":"https:\/\/secure.gravatar.com\/avatar\/0f5d42d7bf77874643c1478932860e3f?s=96&d=mm&r=g","contentUrl":"https:\/\/secure.gravatar.com\/avatar\/0f5d42d7bf77874643c1478932860e3f?s=96&d=mm&r=g","caption":"Bruno Gianni"},"description":"Bruno writes the way he lives, with curiosity, care, and respect for people. He likes to observe, listen, and try to understand what is happening on the other side before putting any words on the page.For him, writing is not about impressing, but about getting closer. It is about turning thoughts into something simple, clear, and real. Every text is an ongoing conversation, created with care and honesty, with the sincere intention of touching someone, somewhere along the way.","url":"https:\/\/thefinancialincome.com\/de\/author\/bcgianni\/"}]}},"uagb_featured_image_src":{"full":false,"thumbnail":false,"medium":false,"medium_large":false,"large":false,"1536x1536":false,"2048x2048":false,"trp-custom-language-flag":false},"uagb_author_info":{"display_name":"Bruno Gianni","author_link":"https:\/\/thefinancialincome.com\/de\/author\/bcgianni\/"},"uagb_comment_info":0,"uagb_excerpt":"Vaga para Auxiliar de Servi\u00e7os Gerais PCD com sal\u00e1rio estimado competitivo, contrata\u00e7\u00e3o CLT e ambiente inclusivo. Uma excelente chance de iniciar ou crescer sua carreira!","_links":{"self":[{"href":"https:\/\/thefinancialincome.com\/de\/wp-json\/wp\/v2\/posts\/259832"}],"collection":[{"href":"https:\/\/thefinancialincome.com\/de\/wp-json\/wp\/v2\/posts"}],"about":[{"href":"https:\/\/thefinancialincome.com\/de\/wp-json\/wp\/v2\/types\/post"}],"author":[{"embeddable":true,"href":"https:\/\/thefinancialincome.com\/de\/wp-json\/wp\/v2\/users\/3"}],"replies":[{"embeddable":true,"href":"https:\/\/thefinancialincome.com\/de\/wp-json\/wp\/v2\/comments?post=259832"}],"version-history":[{"count":1,"href":"https:\/\/thefinancialincome.com\/de\/wp-json\/wp\/v2\/posts\/259832\/revisions"}],"predecessor-version":[{"id":259842,"href":"https:\/\/thefinancialincome.com\/de\/wp-json\/wp\/v2\/posts\/259832\/revisions\/259842"}],"wp:attachment":[{"href":"https:\/\/thefinancialincome.com\/de\/wp-json\/wp\/v2\/media?parent=259832"}],"wp:term":[{"taxonomy":"category","embeddable":true,"href":"https:\/\/thefinancialincome.com\/de\/wp-json\/wp\/v2\/categories?post=259832"},{"taxonomy":"post_tag","embeddable":true,"href":"https:\/\/thefinancialincome.com\/de\/wp-json\/wp\/v2\/tags?post=259832"}],"curies":[{"name":"wp","href":"https:\/\/api.w.org\/{rel}","templated":true}]}}