{"id":269729,"date":"2026-05-01T05:55:00","date_gmt":"2026-05-01T05:55:00","guid":{"rendered":"https:\/\/thefinancialincome.com\/fe16d45a-9787-44e1-b4b7-63572576f153\/"},"modified":"2026-05-01T05:55:13","modified_gmt":"2026-05-01T05:55:13","slug":"fe16d45a-9787-44e1-b4b7-63572576f153","status":"publish","type":"post","link":"https:\/\/thefinancialincome.com\/de\/fe16d45a-9787-44e1-b4b7-63572576f153\/","title":{"rendered":"Coordinador de Vinculaci\u00f3n Empresarial y Atenci\u00f3n al Alumno \u2013 Sueldo, Prestaciones y Perspectivas"},"content":{"rendered":"<\/p>\n<\/p>\n<div style=\"background: #ffffff; border-radius: 12px; box-shadow: 0 10px 30px rgba(0, 0, 0, 0.1); width: 100%; max-width: 340px; padding: 25px; transition: transform 0.3s ease-in-out; overflow: visible; display: flex; flex-direction: column; position: relative; border: 1px solid #28a745; margin-top: 70px; margin-bottom: 50px; margin-left: auto; margin-right: auto;\">\n<div style=\"position: absolute; top: -35px; right: 15px; color: #28a745; padding: 5px 10px; border-radius: 6px; font-size: 14px; font-weight: bold; display: flex; align-items: center; z-index: 10;\">Empfohlen f\u00fcr dich<\/div>\n<div data-namespace-header=\"\" style=\"\">\n<h3 data-namespace-title=\"\" style=\"color: #333; font-size: 20px; font-weight: bold; text-align: left; margin-right: 50px; min-height: 50px; margin-top: 0px;\">Coordinador de Vinculaci\u00f3n Empresarial<\/h3>\n<\/p><\/div>\n<p data-namespace-prompt=\"\" style=\"font-size: 16px; color: #666; margin-bottom: 20px; line-height: 1.5; flex-grow: 1; text-align: left; margin-top: 0px;\">Gestiona convenios, lidera eventos, apoya a estudiantes en pr\u00e1cticas, sueldo atractivo y becas, todo en un ambiente profesional con oportunidades de crecimiento.<\/p>\n<p>    <a data-namespace-url=\"\" href=\"https:\/\/thefinancialincome.com\/de\/redirect\/?https:\/\/bebee.com\/mx\/jobs\/coordinador-de-vinculacion-empresarial-y-atencion-al-alumno-aliat-universidades-tijuana-bc--theirstack-672561840?utm_campaign=google_jobs_apply&#038;utm_source=google_jobs_apply&#038;utm_medium=organic\" style=\"width: 100%; display: inline-block; color: white; text-decoration: none; border-radius: 6px; font-size: 16px; font-weight: bold; text-align: center; transition: transform 0.3s ease, background 0.3s ease; margin-top: auto;\" data-namespace-id=\"5c0d2565-3ba9-4280-a382-ad2a691e2285\"><br \/>\n        <button style=\"width: 100%; height: 55px; background: #e9e9ed; border: 1px solid black; color: black;\">Postularse al empleo<\/button><br \/>\n    <\/a><br \/>\n    <small style=\"margin-top: 10px; color: #777; font-size: 12px; text-align: center; display: block;\">Ich habe eine andere Website erneut aufgerufen<\/small>\n<\/div>\n<p>El puesto de Coordinador de Vinculaci\u00f3n Empresarial y Atenci\u00f3n al Alumno ofrece un sueldo mensual bruto atractivo y prestaciones de ley. Adem\u00e1s, quienes apliquen pueden aspirar a becas y capacitaci\u00f3n pagada, lo cual suma beneficios muy valiosos.<\/p>\n<p>Es un empleo de tiempo completo, donde el cumplimiento de un horario extendido de lunes a s\u00e1bado es un aspecto clave. La empresa tambi\u00e9n destaca las oportunidades de crecimiento dentro del entorno institucional, ideal para quienes buscan estabilidad y desarrollo profesional.<\/p>\n<\/p>\n<h2>Responsabilidades del D\u00eda a D\u00eda<\/h2>\n<p>Las principales funciones incluyen la creaci\u00f3n y gesti\u00f3n de convenios con empresas y organismos p\u00fablicos para vincular a los alumnos con el mundo laboral.<\/p>\n<p>Tambi\u00e9n se organizan eventos y talleres dirigidos a preparar a los estudiantes para su servicio social, pr\u00e1cticas profesionales y b\u00fasqueda de su primer empleo.<\/p>\n<p>El coordinador se encarga de mantener comunicaci\u00f3n asertiva tanto con alumnos como con empleadores, lo cual demanda habilidades interpersonales y organizaci\u00f3n.<\/p>\n<p>Otro aspecto importante es la atenci\u00f3n directa al alumnado para apoyarles en el seguimiento de sus tr\u00e1mites y necesidades acad\u00e9micas vinculadas a pr\u00e1cticas y empleabilidad.<\/p>\n<p>Adem\u00e1s, gestionar talleres de desarrollo profesional forma parte esencial del trabajo diario, facilitando una experiencia personalizada para los estudiantes.<\/p>\n<h2>Puntos a Favor<\/h2>\n<p>El salario competitivo, junto con prestaciones de ley y la posibilidad de acceder a becas, hacen que el puesto resulte atractivo para profesionales en el \u00e1rea educativa.<\/p>\n<p>Otro beneficio considerable es la capacitaci\u00f3n pagada, que permite el desarrollo continuo, lo que ayuda a potenciar el crecimiento profesional dentro de la instituci\u00f3n.<\/p>\n<h2>Aspectos a Considerar<\/h2>\n<p>La carga horaria puede ser un desaf\u00edo, pues se requiere disponibilidad tanto en jornada de lunes a viernes como los s\u00e1bados.<\/p>\n<p>Al manejar la atenci\u00f3n a una gran cantidad de alumnos, es importante contar con habilidades de organizaci\u00f3n y manejo de estr\u00e9s para cumplir con todas las expectativas.<\/p>\n<h2>Veredicto<\/h2>\n<p>El puesto de Coordinador de Vinculaci\u00f3n Empresarial y Atenci\u00f3n al Alumno destaca por su atractivo paquete de prestaciones y las v\u00edas de crecimiento profesional. Para quienes disfrutan trabajar en equipo, liderar procesos administrativos y buscan estabilidad, esta oportunidad representa una excelente opci\u00f3n.<\/p>\n<div style=\"background: #ffffff; border-radius: 12px; box-shadow: 0 10px 30px rgba(0, 0, 0, 0.1); width: 100%; max-width: 340px; padding: 25px; transition: transform 0.3s ease-in-out; overflow: visible; display: flex; flex-direction: column; position: relative; border: 1px solid #28a745; margin-top: 70px; margin-bottom: 50px; margin-left: auto; margin-right: auto;\">\n<div style=\"position: absolute; top: -35px; right: 15px; color: #28a745; padding: 5px 10px; border-radius: 6px; font-size: 14px; font-weight: bold; display: flex; align-items: center; z-index: 10;\">Empfohlen f\u00fcr dich<\/div>\n<div data-namespace-header=\"\" style=\"\">\n<h3 data-namespace-title=\"\" style=\"color: #333; font-size: 20px; font-weight: bold; text-align: left; margin-right: 50px; min-height: 50px; margin-top: 0px;\">Coordinador de Vinculaci\u00f3n Empresarial<\/h3>\n<\/p><\/div>\n<p data-namespace-prompt=\"\" style=\"font-size: 16px; color: #666; margin-bottom: 20px; line-height: 1.5; flex-grow: 1; text-align: left; margin-top: 0px;\">Gestiona convenios, lidera eventos, apoya a estudiantes en pr\u00e1cticas, sueldo atractivo y becas, todo en un ambiente profesional con oportunidades de crecimiento.<\/p>\n<p>    <a data-namespace-url=\"\" href=\"https:\/\/thefinancialincome.com\/de\/redirect\/?https:\/\/bebee.com\/mx\/jobs\/coordinador-de-vinculacion-empresarial-y-atencion-al-alumno-aliat-universidades-tijuana-bc--theirstack-672561840?utm_campaign=google_jobs_apply&#038;utm_source=google_jobs_apply&#038;utm_medium=organic\" style=\"width: 100%; display: inline-block; color: white; text-decoration: none; border-radius: 6px; font-size: 16px; font-weight: bold; text-align: center; transition: transform 0.3s ease, background 0.3s ease; margin-top: auto;\" data-namespace-id=\"5c0d2565-3ba9-4280-a382-ad2a691e2285\"><br \/>\n        <button style=\"width: 100%; height: 55px; background: #e9e9ed; border: 1px solid black; color: black;\">Postularse al empleo<\/button><br \/>\n    <\/a><br \/>\n    <small style=\"margin-top: 10px; color: #777; font-size: 12px; text-align: center; display: block;\">Ich habe eine andere Website erneut aufgerufen<\/small>\n<\/div>","protected":false},"excerpt":{"rendered":"<p>Revisa el an\u00e1lisis del puesto Coordinador de Vinculaci\u00f3n Empresarial y Atenci\u00f3n al Alumno. Te contamos ventajas, retos y puntos clave para que tomes tu mejor decisi\u00f3n.<\/p>","protected":false},"author":3,"featured_media":0,"comment_status":"open","ping_status":"open","sticky":false,"template":"","format":"standard","meta":{"_uag_custom_page_level_css":"","site-sidebar-layout":"default","site-content-layout":"","ast-site-content-layout":"","site-content-style":"default","site-sidebar-style":"default","ast-global-header-display":"","ast-banner-title-visibility":"","ast-main-header-display":"","ast-hfb-above-header-display":"","ast-hfb-below-header-display":"","ast-hfb-mobile-header-display":"","site-post-title":"","ast-breadcrumbs-content":"","ast-featured-img":"","footer-sml-layout":"","theme-transparent-header-meta":"","adv-header-id-meta":"","stick-header-meta":"","header-above-stick-meta":"","header-main-stick-meta":"","header-below-stick-meta":"","astra-migrate-meta-layouts":"default","ast-page-background-enabled":"default","ast-page-background-meta":{"desktop":{"background-color":"var(--ast-global-color-4)","background-image":"","background-repeat":"repeat","background-position":"center center","background-size":"auto","background-attachment":"scroll","background-type":"","background-media":"","overlay-type":"","overlay-color":"","overlay-opacity":"","overlay-gradient":""},"tablet":{"background-color":"","background-image":"","background-repeat":"repeat","background-position":"center center","background-size":"auto","background-attachment":"scroll","background-type":"","background-media":"","overlay-type":"","overlay-color":"","overlay-opacity":"","overlay-gradient":""},"mobile":{"background-color":"","background-image":"","background-repeat":"repeat","background-position":"center center","background-size":"auto","background-attachment":"scroll","background-type":"","background-media":"","overlay-type":"","overlay-color":"","overlay-opacity":"","overlay-gradient":""}},"ast-content-background-meta":{"desktop":{"background-color":"var(--ast-global-color-5)","background-image":"","background-repeat":"repeat","background-position":"center center","background-size":"auto","background-attachment":"scroll","background-type":"","background-media":"","overlay-type":"","overlay-color":"","overlay-opacity":"","overlay-gradient":""},"tablet":{"background-color":"var(--ast-global-color-5)","background-image":"","background-repeat":"repeat","background-position":"center center","background-size":"auto","background-attachment":"scroll","background-type":"","background-media":"","overlay-type":"","overlay-color":"","overlay-opacity":"","overlay-gradient":""},"mobile":{"background-color":"var(--ast-global-color-5)","background-image":"","background-repeat":"repeat","background-position":"center center","background-size":"auto","background-attachment":"scroll","background-type":"","background-media":"","overlay-type":"","overlay-color":"","overlay-opacity":"","overlay-gradient":""}},"footnotes":""},"categories":[10],"tags":[],"yoast_head":"<!-- This site is optimized with the Yoast SEO plugin v23.3 - https:\/\/yoast.com\/wordpress\/plugins\/seo\/ -->\n<title>Coordinador de Vinculaci\u00f3n Empresarial y Atenci\u00f3n al Alumno \u2013 Sueldo, Prestaciones y Perspectivas - The Financial Income<\/title>\n<meta name=\"robots\" content=\"index, follow, max-snippet:-1, max-image-preview:large, max-video-preview:-1\" \/>\n<link rel=\"canonical\" href=\"https:\/\/thefinancialincome.com\/de\/fe16d45a-9787-44e1-b4b7-63572576f153\/\" \/>\n<meta property=\"og:locale\" content=\"de_DE\" \/>\n<meta property=\"og:type\" content=\"article\" \/>\n<meta property=\"og:title\" content=\"Coordinador de Vinculaci\u00f3n Empresarial y Atenci\u00f3n al Alumno \u2013 Sueldo, Prestaciones y Perspectivas - The Financial Income\" \/>\n<meta property=\"og:description\" content=\"Revisa el an\u00e1lisis del puesto Coordinador de Vinculaci\u00f3n Empresarial y Atenci\u00f3n al Alumno. Te contamos ventajas, retos y puntos clave para que tomes tu mejor decisi\u00f3n.\" \/>\n<meta property=\"og:url\" content=\"https:\/\/thefinancialincome.com\/de\/fe16d45a-9787-44e1-b4b7-63572576f153\/\" \/>\n<meta property=\"og:site_name\" content=\"The Financial Income\" \/>\n<meta property=\"article:published_time\" content=\"2026-05-01T05:55:00+00:00\" \/>\n<meta property=\"article:modified_time\" content=\"2026-05-01T05:55:13+00:00\" \/>\n<meta name=\"author\" content=\"Bruno Gianni\" \/>\n<meta name=\"twitter:card\" content=\"summary_large_image\" \/>\n<meta name=\"twitter:label1\" content=\"Written by\" \/>\n\t<meta name=\"twitter:data1\" content=\"Bruno Gianni\" \/>\n\t<meta name=\"twitter:label2\" content=\"Est. reading time\" \/>\n\t<meta name=\"twitter:data2\" content=\"2 Minuten\" \/>\n<script type=\"application\/ld+json\" class=\"yoast-schema-graph\">{\"@context\":\"https:\/\/schema.org\",\"@graph\":[{\"@type\":\"Article\",\"@id\":\"https:\/\/thefinancialincome.com\/fe16d45a-9787-44e1-b4b7-63572576f153\/#article\",\"isPartOf\":{\"@id\":\"https:\/\/thefinancialincome.com\/fe16d45a-9787-44e1-b4b7-63572576f153\/\"},\"author\":{\"name\":\"Bruno Gianni\",\"@id\":\"https:\/\/thefinancialincome.com\/#\/schema\/person\/d52888235fd6563bd07d97185d6a61e4\"},\"headline\":\"Coordinador de Vinculaci\u00f3n Empresarial y Atenci\u00f3n al Alumno \u2013 Sueldo, Prestaciones y Perspectivas\",\"datePublished\":\"2026-05-01T05:55:00+00:00\",\"dateModified\":\"2026-05-01T05:55:13+00:00\",\"mainEntityOfPage\":{\"@id\":\"https:\/\/thefinancialincome.com\/fe16d45a-9787-44e1-b4b7-63572576f153\/\"},\"wordCount\":472,\"commentCount\":0,\"publisher\":{\"@id\":\"https:\/\/thefinancialincome.com\/#organization\"},\"articleSection\":[\"Hidden\"],\"inLanguage\":\"de-DE\",\"potentialAction\":[{\"@type\":\"CommentAction\",\"name\":\"Comment\",\"target\":[\"https:\/\/thefinancialincome.com\/fe16d45a-9787-44e1-b4b7-63572576f153\/#respond\"]}]},{\"@type\":\"WebPage\",\"@id\":\"https:\/\/thefinancialincome.com\/fe16d45a-9787-44e1-b4b7-63572576f153\/\",\"url\":\"https:\/\/thefinancialincome.com\/fe16d45a-9787-44e1-b4b7-63572576f153\/\",\"name\":\"Coordinador de Vinculaci\u00f3n Empresarial y Atenci\u00f3n al Alumno \u2013 Sueldo, Prestaciones y Perspectivas - The Financial Income\",\"isPartOf\":{\"@id\":\"https:\/\/thefinancialincome.com\/#website\"},\"datePublished\":\"2026-05-01T05:55:00+00:00\",\"dateModified\":\"2026-05-01T05:55:13+00:00\",\"breadcrumb\":{\"@id\":\"https:\/\/thefinancialincome.com\/fe16d45a-9787-44e1-b4b7-63572576f153\/#breadcrumb\"},\"inLanguage\":\"de-DE\",\"potentialAction\":[{\"@type\":\"ReadAction\",\"target\":[\"https:\/\/thefinancialincome.com\/fe16d45a-9787-44e1-b4b7-63572576f153\/\"]}]},{\"@type\":\"BreadcrumbList\",\"@id\":\"https:\/\/thefinancialincome.com\/fe16d45a-9787-44e1-b4b7-63572576f153\/#breadcrumb\",\"itemListElement\":[{\"@type\":\"ListItem\",\"position\":1,\"name\":\"Home\",\"item\":\"https:\/\/thefinancialincome.com\/\"},{\"@type\":\"ListItem\",\"position\":2,\"name\":\"Coordinador de Vinculaci\u00f3n Empresarial y Atenci\u00f3n al Alumno \u2013 Sueldo, Prestaciones y Perspectivas\"}]},{\"@type\":\"WebSite\",\"@id\":\"https:\/\/thefinancialincome.com\/#website\",\"url\":\"https:\/\/thefinancialincome.com\/\",\"name\":\"The Financial Income\",\"description\":\"\",\"publisher\":{\"@id\":\"https:\/\/thefinancialincome.com\/#organization\"},\"potentialAction\":[{\"@type\":\"SearchAction\",\"target\":{\"@type\":\"EntryPoint\",\"urlTemplate\":\"https:\/\/thefinancialincome.com\/?s={search_term_string}\"},\"query-input\":\"required name=search_term_string\"}],\"inLanguage\":\"de-DE\"},{\"@type\":\"Organization\",\"@id\":\"https:\/\/thefinancialincome.com\/#organization\",\"name\":\"The Financial Income\",\"url\":\"https:\/\/thefinancialincome.com\/\",\"logo\":{\"@type\":\"ImageObject\",\"inLanguage\":\"de-DE\",\"@id\":\"https:\/\/thefinancialincome.com\/#\/schema\/logo\/image\/\",\"url\":\"https:\/\/thefinancialincome.com\/wp-content\/uploads\/sites\/509\/2025\/12\/cropped-The-Financial-Income-01_-1.png\",\"contentUrl\":\"https:\/\/thefinancialincome.com\/wp-content\/uploads\/sites\/509\/2025\/12\/cropped-The-Financial-Income-01_-1.png\",\"width\":478,\"height\":455,\"caption\":\"The Financial Income\"},\"image\":{\"@id\":\"https:\/\/thefinancialincome.com\/#\/schema\/logo\/image\/\"}},{\"@type\":\"Person\",\"@id\":\"https:\/\/thefinancialincome.com\/#\/schema\/person\/d52888235fd6563bd07d97185d6a61e4\",\"name\":\"Bruno Gianni\",\"image\":{\"@type\":\"ImageObject\",\"inLanguage\":\"de-DE\",\"@id\":\"https:\/\/thefinancialincome.com\/#\/schema\/person\/image\/\",\"url\":\"https:\/\/secure.gravatar.com\/avatar\/0f5d42d7bf77874643c1478932860e3f?s=96&d=mm&r=g\",\"contentUrl\":\"https:\/\/secure.gravatar.com\/avatar\/0f5d42d7bf77874643c1478932860e3f?s=96&d=mm&r=g\",\"caption\":\"Bruno Gianni\"},\"description\":\"Bruno writes the way he lives, with curiosity, care, and respect for people. He likes to observe, listen, and try to understand what is happening on the other side before putting any words on the page.For him, writing is not about impressing, but about getting closer. It is about turning thoughts into something simple, clear, and real. Every text is an ongoing conversation, created with care and honesty, with the sincere intention of touching someone, somewhere along the way.\",\"url\":\"https:\/\/thefinancialincome.com\/de\/author\/bcgianni\/\"}]}<\/script>\n<!-- \/ Yoast SEO plugin. -->","yoast_head_json":{"title":"Coordinador de Vinculaci\u00f3n Empresarial y Atenci\u00f3n al Alumno \u2013 Sueldo, Prestaciones y Perspectivas - The Financial Income","robots":{"index":"index","follow":"follow","max-snippet":"max-snippet:-1","max-image-preview":"max-image-preview:large","max-video-preview":"max-video-preview:-1"},"canonical":"https:\/\/thefinancialincome.com\/de\/fe16d45a-9787-44e1-b4b7-63572576f153\/","og_locale":"de_DE","og_type":"article","og_title":"Coordinador de Vinculaci\u00f3n Empresarial y Atenci\u00f3n al Alumno \u2013 Sueldo, Prestaciones y Perspectivas - The Financial Income","og_description":"Revisa el an\u00e1lisis del puesto Coordinador de Vinculaci\u00f3n Empresarial y Atenci\u00f3n al Alumno. Te contamos ventajas, retos y puntos clave para que tomes tu mejor decisi\u00f3n.","og_url":"https:\/\/thefinancialincome.com\/de\/fe16d45a-9787-44e1-b4b7-63572576f153\/","og_site_name":"The Financial Income","article_published_time":"2026-05-01T05:55:00+00:00","article_modified_time":"2026-05-01T05:55:13+00:00","author":"Bruno Gianni","twitter_card":"summary_large_image","twitter_misc":{"Written by":"Bruno Gianni","Est. reading time":"2 Minuten"},"schema":{"@context":"https:\/\/schema.org","@graph":[{"@type":"Article","@id":"https:\/\/thefinancialincome.com\/fe16d45a-9787-44e1-b4b7-63572576f153\/#article","isPartOf":{"@id":"https:\/\/thefinancialincome.com\/fe16d45a-9787-44e1-b4b7-63572576f153\/"},"author":{"name":"Bruno Gianni","@id":"https:\/\/thefinancialincome.com\/#\/schema\/person\/d52888235fd6563bd07d97185d6a61e4"},"headline":"Coordinador de Vinculaci\u00f3n Empresarial y Atenci\u00f3n al Alumno \u2013 Sueldo, Prestaciones y Perspectivas","datePublished":"2026-05-01T05:55:00+00:00","dateModified":"2026-05-01T05:55:13+00:00","mainEntityOfPage":{"@id":"https:\/\/thefinancialincome.com\/fe16d45a-9787-44e1-b4b7-63572576f153\/"},"wordCount":472,"commentCount":0,"publisher":{"@id":"https:\/\/thefinancialincome.com\/#organization"},"articleSection":["Hidden"],"inLanguage":"de-DE","potentialAction":[{"@type":"CommentAction","name":"Comment","target":["https:\/\/thefinancialincome.com\/fe16d45a-9787-44e1-b4b7-63572576f153\/#respond"]}]},{"@type":"WebPage","@id":"https:\/\/thefinancialincome.com\/fe16d45a-9787-44e1-b4b7-63572576f153\/","url":"https:\/\/thefinancialincome.com\/fe16d45a-9787-44e1-b4b7-63572576f153\/","name":"Coordinador de Vinculaci\u00f3n Empresarial y Atenci\u00f3n al Alumno \u2013 Sueldo, Prestaciones y Perspectivas - The Financial Income","isPartOf":{"@id":"https:\/\/thefinancialincome.com\/#website"},"datePublished":"2026-05-01T05:55:00+00:00","dateModified":"2026-05-01T05:55:13+00:00","breadcrumb":{"@id":"https:\/\/thefinancialincome.com\/fe16d45a-9787-44e1-b4b7-63572576f153\/#breadcrumb"},"inLanguage":"de-DE","potentialAction":[{"@type":"ReadAction","target":["https:\/\/thefinancialincome.com\/fe16d45a-9787-44e1-b4b7-63572576f153\/"]}]},{"@type":"BreadcrumbList","@id":"https:\/\/thefinancialincome.com\/fe16d45a-9787-44e1-b4b7-63572576f153\/#breadcrumb","itemListElement":[{"@type":"ListItem","position":1,"name":"Home","item":"https:\/\/thefinancialincome.com\/"},{"@type":"ListItem","position":2,"name":"Coordinador de Vinculaci\u00f3n Empresarial y Atenci\u00f3n al Alumno \u2013 Sueldo, Prestaciones y Perspectivas"}]},{"@type":"WebSite","@id":"https:\/\/thefinancialincome.com\/#website","url":"https:\/\/thefinancialincome.com\/","name":"The Financial Income","description":"","publisher":{"@id":"https:\/\/thefinancialincome.com\/#organization"},"potentialAction":[{"@type":"SearchAction","target":{"@type":"EntryPoint","urlTemplate":"https:\/\/thefinancialincome.com\/?s={search_term_string}"},"query-input":"required name=search_term_string"}],"inLanguage":"de-DE"},{"@type":"Organization","@id":"https:\/\/thefinancialincome.com\/#organization","name":"The Financial Income","url":"https:\/\/thefinancialincome.com\/","logo":{"@type":"ImageObject","inLanguage":"de-DE","@id":"https:\/\/thefinancialincome.com\/#\/schema\/logo\/image\/","url":"https:\/\/thefinancialincome.com\/wp-content\/uploads\/sites\/509\/2025\/12\/cropped-The-Financial-Income-01_-1.png","contentUrl":"https:\/\/thefinancialincome.com\/wp-content\/uploads\/sites\/509\/2025\/12\/cropped-The-Financial-Income-01_-1.png","width":478,"height":455,"caption":"The Financial Income"},"image":{"@id":"https:\/\/thefinancialincome.com\/#\/schema\/logo\/image\/"}},{"@type":"Person","@id":"https:\/\/thefinancialincome.com\/#\/schema\/person\/d52888235fd6563bd07d97185d6a61e4","name":"Bruno Gianni","image":{"@type":"ImageObject","inLanguage":"de-DE","@id":"https:\/\/thefinancialincome.com\/#\/schema\/person\/image\/","url":"https:\/\/secure.gravatar.com\/avatar\/0f5d42d7bf77874643c1478932860e3f?s=96&d=mm&r=g","contentUrl":"https:\/\/secure.gravatar.com\/avatar\/0f5d42d7bf77874643c1478932860e3f?s=96&d=mm&r=g","caption":"Bruno Gianni"},"description":"Bruno writes the way he lives, with curiosity, care, and respect for people. He likes to observe, listen, and try to understand what is happening on the other side before putting any words on the page.For him, writing is not about impressing, but about getting closer. It is about turning thoughts into something simple, clear, and real. Every text is an ongoing conversation, created with care and honesty, with the sincere intention of touching someone, somewhere along the way.","url":"https:\/\/thefinancialincome.com\/de\/author\/bcgianni\/"}]}},"uagb_featured_image_src":{"full":false,"thumbnail":false,"medium":false,"medium_large":false,"large":false,"1536x1536":false,"2048x2048":false,"trp-custom-language-flag":false},"uagb_author_info":{"display_name":"Bruno Gianni","author_link":"https:\/\/thefinancialincome.com\/de\/author\/bcgianni\/"},"uagb_comment_info":0,"uagb_excerpt":"Revisa el an\u00e1lisis del puesto Coordinador de Vinculaci\u00f3n Empresarial y Atenci\u00f3n al Alumno. Te contamos ventajas, retos y puntos clave para que tomes tu mejor decisi\u00f3n.","_links":{"self":[{"href":"https:\/\/thefinancialincome.com\/de\/wp-json\/wp\/v2\/posts\/269729"}],"collection":[{"href":"https:\/\/thefinancialincome.com\/de\/wp-json\/wp\/v2\/posts"}],"about":[{"href":"https:\/\/thefinancialincome.com\/de\/wp-json\/wp\/v2\/types\/post"}],"author":[{"embeddable":true,"href":"https:\/\/thefinancialincome.com\/de\/wp-json\/wp\/v2\/users\/3"}],"replies":[{"embeddable":true,"href":"https:\/\/thefinancialincome.com\/de\/wp-json\/wp\/v2\/comments?post=269729"}],"version-history":[{"count":1,"href":"https:\/\/thefinancialincome.com\/de\/wp-json\/wp\/v2\/posts\/269729\/revisions"}],"predecessor-version":[{"id":269731,"href":"https:\/\/thefinancialincome.com\/de\/wp-json\/wp\/v2\/posts\/269729\/revisions\/269731"}],"wp:attachment":[{"href":"https:\/\/thefinancialincome.com\/de\/wp-json\/wp\/v2\/media?parent=269729"}],"wp:term":[{"taxonomy":"category","embeddable":true,"href":"https:\/\/thefinancialincome.com\/de\/wp-json\/wp\/v2\/categories?post=269729"},{"taxonomy":"post_tag","embeddable":true,"href":"https:\/\/thefinancialincome.com\/de\/wp-json\/wp\/v2\/tags?post=269729"}],"curies":[{"name":"wp","href":"https:\/\/api.w.org\/{rel}","templated":true}]}}