{"id":136,"date":"2025-08-21T20:57:00","date_gmt":"2025-08-21T20:57:00","guid":{"rendered":"https:\/\/thefinancialincome.com\/gen-z-in-the-workplace-whats-changing\/"},"modified":"2026-01-02T04:01:02","modified_gmt":"2026-01-02T04:01:02","slug":"gen-z-in-the-workplace","status":"publish","type":"post","link":"https:\/\/thefinancialincome.com\/pt\/gen-z-in-the-workplace\/","title":{"rendered":"Gera\u00e7\u00e3o Z no ambiente de trabalho: o que est\u00e1 mudando?"},"content":{"rendered":"<figure class=\"wp-block-image size-full\"><img loading=\"lazy\" decoding=\"async\" width=\"1000\" height=\"600\" src=\"https:\/\/thefinancialincome.com\/wp-content\/uploads\/sites\/509\/2025\/08\/Design-sem-nome-8-6.jpg\" alt=\"Gen Z in the Workplace\" class=\"wp-image-951\" srcset=\"https:\/\/thefinancialincome.com\/wp-content\/uploads\/sites\/509\/2025\/08\/Design-sem-nome-8-6.jpg 1000w, https:\/\/thefinancialincome.com\/wp-content\/uploads\/sites\/509\/2025\/08\/Design-sem-nome-8-6-300x180.jpg 300w, https:\/\/thefinancialincome.com\/wp-content\/uploads\/sites\/509\/2025\/08\/Design-sem-nome-8-6-768x461.jpg 768w, https:\/\/thefinancialincome.com\/wp-content\/uploads\/sites\/509\/2025\/08\/Design-sem-nome-8-6-18x12.jpg 18w\" sizes=\"(max-width: 1000px) 100vw, 1000px\" \/><figcaption class=\"wp-element-caption\">Gera\u00e7\u00e3o Z no ambiente de trabalho: o que est\u00e1 mudando. Fonte: Canva<\/figcaption><\/figure>\n\n\n\n<p>J\u00e1 se perguntou como o mundo do trabalho est\u00e1 se transformando com uma nova gera\u00e7\u00e3o no comando? A Gera\u00e7\u00e3o Z, que agora entra no mercado de trabalho com for\u00e7a total, est\u00e1 causando impacto e remodelando as normas esperadas. Sua abordagem n\u00e3o \u00e9 apenas diferente \u2014 est\u00e1 remodelando as rela\u00e7\u00f5es entre colegas, lideran\u00e7a e at\u00e9 mesmo a tecnologia.<\/p>\n\n\n\n<p>Essa mudan\u00e7a \u00e9 importante muito al\u00e9m dos c\u00edrculos de RH ou recrutamento. Dos estilos de comunica\u00e7\u00e3o aos valores profissionais, a Gera\u00e7\u00e3o Z est\u00e1 introduzindo tend\u00eancias que influenciam a coes\u00e3o da equipe, a inova\u00e7\u00e3o e o bem-estar dos funcion\u00e1rios. Compreender essa evolu\u00e7\u00e3o n\u00e3o \u00e9 apenas interessante; \u00e9 essencial para que gestores e membros da equipe se mantenham alinhados e prosperem juntos.<\/p>\n\n\n\n<p>Aqui, voc\u00ea encontrar\u00e1 uma nova perspectiva sobre o que a Gera\u00e7\u00e3o Z traz para a mesa \u2014 desde prefer\u00eancias em rela\u00e7\u00e3o ao equil\u00edbrio entre vida pessoal e profissional at\u00e9 seu olhar apurado para trabalhos significativos. Vamos mergulhar neste guia para explorar maneiras pr\u00e1ticas pelas quais os locais de trabalho est\u00e3o se adaptando e como todos podem se beneficiar dessas mudan\u00e7as.<\/p>\n\n\n\n<h2 class=\"wp-block-heading\">Novos estilos de comunica\u00e7\u00e3o redefinem o engajamento.<\/h2>\n\n\n\n<p>A Gera\u00e7\u00e3o Z prefere mensagens diretas, feedback r\u00e1pido e flexibilidade na comunica\u00e7\u00e3o. Comparada \u00e0s gera\u00e7\u00f5es anteriores, sua abordagem torna a colabora\u00e7\u00e3o em equipe mais r\u00e1pida e, \u00e0s vezes, mais informal, substituindo reuni\u00f5es intermin\u00e1veis por conversas concisas ou documentos digitais compartilhados.<\/p>\n\n\n\n<p>Imagine um ambiente de trabalho como um grupo de bate-papo: as mensagens chegam rapidamente, emojis inundam a tela e as respostas geralmente chegam em minutos \u2014 ou segundos. Esse ritmo acelerado reflete a familiaridade da Gera\u00e7\u00e3o Z com as plataformas digitais e molda as intera\u00e7\u00f5es e expectativas di\u00e1rias no escrit\u00f3rio.<\/p>\n\n\n\n<ul>\n<li>Dar \u00eanfase a mensagens curtas e objetivas em vez de longas trocas de e-mails promove clareza.<\/li>\n\n\n\n<li>A prefer\u00eancia por feedback em tempo real proporciona oportunidades de crescimento imediatas e itera\u00e7\u00f5es mais r\u00e1pidas nas tarefas.<\/li>\n\n\n\n<li>Um tom informal combina profissionalismo e personalidade, criando empatia entre equipes diversas.<\/li>\n\n\n\n<li>A comunica\u00e7\u00e3o visual \u2014 memes, GIFs, v\u00eddeos \u2014 rompe barreiras tradicionais e pode humanizar as intera\u00e7\u00f5es digitais.<\/li>\n\n\n\n<li>O uso regular de aplicativos de colabora\u00e7\u00e3o (como Slack e Teams) aumenta o engajamento e reduz reuni\u00f5es desnecess\u00e1rias.<\/li>\n\n\n\n<li>Fazer perguntas de forma receptiva e manter contato frequente promove a confian\u00e7a e evita mal-entendidos em equipes remotas ou h\u00edbridas.<\/li>\n<\/ul>\n\n\n\n<p>Essas prefer\u00eancias afastam a comunica\u00e7\u00e3o no ambiente de trabalho da formalidade, promovendo um ambiente onde conex\u00f5es significativas se formam \u2014 mesmo quando os colegas raramente se encontram pessoalmente.<\/p>\n\n\n\n<h2 class=\"wp-block-heading\">Harmonia entre vida pessoal e profissional \u00e9 prioridade.<\/h2>\n\n\n\n<p>Jessica, uma assistente de marketing da Gera\u00e7\u00e3o Z, negocia hor\u00e1rios de entrada flex\u00edveis para poder frequentar as aulas de ioga matinais. Ao contr\u00e1rio de colegas anteriores que seguiam hor\u00e1rios r\u00edgidos, ela est\u00e1 prosperando e produzindo ideias criativas gra\u00e7as a essa autonomia.<\/p>\n\n\n\n<p>Vejamos a hist\u00f3ria de Owen: quando lhe ofereceram horas extras, ele prop\u00f4s uma semana de trabalho de quatro dias. A proposta surpreendeu seu gerente, mas deu origem a um novo programa piloto que melhorou o moral e a reten\u00e7\u00e3o de funcion\u00e1rios em todo o departamento.<\/p>\n\n\n\n<p>Jill descreve seu escrit\u00f3rio como uma &quot;zona de foco em resultados&quot;. Ela se conecta de cafeterias locais durante a semana, cumprindo suas metas no prazo. A equipe confia nela para entregar resultados sem precisar ficar constantemente checando o trabalho.<\/p>\n\n\n\n<p>Para a Gera\u00e7\u00e3o Z, esses exemplos n\u00e3o s\u00e3o apenas benef\u00edcios \u2014 s\u00e3o indispens\u00e1veis. Alinhar valores pessoais com suas rotinas di\u00e1rias os torna mais engajados, criativos e resilientes no trabalho.<\/p>\n\n\n\n<h2 class=\"wp-block-heading\">Priorizar o prop\u00f3sito em vez do sal\u00e1rio<\/h2>\n\n\n\n<p>Os profissionais da Gera\u00e7\u00e3o Z querem que seu trabalho esteja alinhado com seus valores e fa\u00e7a uma diferen\u00e7a tang\u00edvel. Para muitos, o significado supera o sal\u00e1rio, e os empregadores est\u00e3o levando isso em considera\u00e7\u00e3o ao recrutar ou reter os melhores talentos.<\/p>\n\n\n\n<ol>\n<li>Buscando organiza\u00e7\u00f5es com forte responsabilidade social: A Gera\u00e7\u00e3o Z procura ativamente por empresas com compromissos comprovados com causas ambientais e sociais, acreditando que isso reflete um prop\u00f3sito maior.<\/li>\n\n\n\n<li>Desejando uma lideran\u00e7a transparente: A transpar\u00eancia sobre a miss\u00e3o, as finan\u00e7as e a cultura ajuda a Gera\u00e7\u00e3o Z a construir confian\u00e7a mais rapidamente e a se sentir como membros valorizados da equipe, em vez de apenas funcion\u00e1rios.<\/li>\n\n\n\n<li>Preferem fun\u00e7\u00f5es com impacto vis\u00edvel na comunidade: s\u00e3o atra\u00eddos por projetos em que as contribui\u00e7\u00f5es individuais podem ser vinculadas a resultados positivos local ou globalmente, mesmo em cargos de n\u00edvel inicial.<\/li>\n\n\n\n<li>Expectativa de iniciativas de DEI (Diversidade, Equidade e Inclus\u00e3o): Empregadores com hist\u00f3rico de inclus\u00e3o atraem a Gera\u00e7\u00e3o Z, que espera justi\u00e7a e representatividade em todos os n\u00edveis de lideran\u00e7a.<\/li>\n\n\n\n<li>Trocar o reconhecimento pelo sentimento de &quot;pertencimento&quot;: os b\u00f4nus tradicionais podem importar menos do que ser reconhecido pelas suas contribui\u00e7\u00f5es, receber apoio por meio de mentoria e ser inclu\u00eddo nas principais decis\u00f5es da equipe.<\/li>\n\n\n\n<li>Avaliando o crescimento pessoal como medida de sucesso: o sal\u00e1rio \u00e9 importante, mas o acesso a projetos desafiadores, treinamento e oportunidades de crescimento tamb\u00e9m s\u00e3o.<\/li>\n\n\n\n<li>Equilibrar escolhas \u00e9ticas com ambi\u00e7\u00e3o: Muitos escolheriam um trabalho que esteja alinhado com seus valores \u00e9ticos, mesmo em detrimento de ofertas mais bem remuneradas, por\u00e9m menos alinhadas a eles.<\/li>\n<\/ol>\n\n\n\n<p>Uma mentalidade orientada por um prop\u00f3sito garante que as empresas que levam os valores a s\u00e9rio \u2014 interna e externamente \u2014 se destaquem como as empregadoras preferidas desta gera\u00e7\u00e3o.<\/p>\n\n\n\n<h2 class=\"wp-block-heading\">A flu\u00eancia em tecnologia estabelece um novo padr\u00e3o.<\/h2>\n\n\n\n<p>O ambiente de trabalho atual se assemelha a um parque de divers\u00f5es digital, onde o conhecimento tecnol\u00f3gico da Gera\u00e7\u00e3o Z molda a produtividade e a colabora\u00e7\u00e3o. Eles adotam novas plataformas com facilidade, praticam habilidades online e, muitas vezes, resolvem problemas para colegas ou gerentes no momento.<\/p>\n\n\n\n<p>Isso contrasta com as gera\u00e7\u00f5es anteriores, que podem abordar a mudan\u00e7a com mais cautela. Enquanto a Gera\u00e7\u00e3o Z transita sem problemas entre ferramentas de gerenciamento de projetos, outras podem depender mais de sistemas legados, criando lacunas em termos de velocidade e efici\u00eancia.<\/p>\n\n\n\n<figure class=\"wp-block-table\"><table><thead><tr><th>Gera\u00e7\u00e3o<\/th><th>Ado\u00e7\u00e3o de Tecnologia<\/th><th>Ferramentas comuns utilizadas<\/th><\/tr><\/thead><tbody><tr><td>Baby Boomers<\/td><td>Mais lento, prefiro plataformas familiares.<\/td><td>E-mail, Pacote Office, Reuni\u00f5es presenciais<\/td><\/tr><tr><td>Gera\u00e7\u00e3o Y<\/td><td>Adapt\u00e1vel, aberto a novas ferramentas<\/td><td>Aplicativos de gerenciamento de projetos, videoconfer\u00eancia, armazenamento em nuvem<\/td><\/tr><tr><td>Gera\u00e7\u00e3o Z<\/td><td>Ado\u00e7\u00e3o imediata e intuitiva<\/td><td>Plataformas de colabora\u00e7\u00e3o, bate-papo em tempo real, aplicativos com foco em dispositivos m\u00f3veis<\/td><\/tr><\/tbody><\/table><\/figure>\n\n\n\n<p>Como mostra a tabela, o ritmo e a familiaridade da Gera\u00e7\u00e3o Z com a tecnologia muitas vezes os transformam em especialistas de TI n\u00e3o oficiais, preenchendo a lacuna entre os colegas e aumentando a adaptabilidade geral da equipe.<\/p>\n\n\n\n<h2 class=\"wp-block-heading\">Aprendizagem cont\u00ednua e adaptabilidade<\/h2>\n\n\n\n<p>Pense na Gera\u00e7\u00e3o Z como aprendizes ao longo da vida \u2014 sempre em busca de conhecimento, certifica\u00e7\u00f5es ou novas t\u00e9cnicas. Eles prosperam em ambientes de trabalho que oferecem treinamento pr\u00e1tico e veem as trajet\u00f3rias de carreira como jornadas em constante evolu\u00e7\u00e3o, em vez de degraus est\u00e1ticos.<\/p>\n\n\n\n<p>Assim como acontece com as atualiza\u00e7\u00f5es de aplicativos de celular, a Gera\u00e7\u00e3o Z espera aprimoramentos frequentes em suas habilidades. Para eles, a curva de aprendizado n\u00e3o \u00e9 um obst\u00e1culo, mas sim uma parte bem-vinda da jornada profissional.<\/p>\n\n\n\n<p>O processo de integra\u00e7\u00e3o de Sarah incluiu workshops digitais, mentoria entre colegas e sess\u00f5es de microaprendizagem. Ela adaptou rapidamente essas ferramentas ao seu fluxo de trabalho. Quando uma nova ferramenta de marketing foi lan\u00e7ada, ela se ofereceu para liderar o treinamento da equipe, consolidando sua expertise e agregando valor \u00e0 empresa.<\/p>\n\n\n\n<p>Enquanto isso, Alex escolhe trabalhos que enfatizam o crescimento e o desenvolvimento de habilidades. Em vez de esperar promo\u00e7\u00f5es todos os anos, ele busca expandir suas capacidades. Essa atitude \u00e1gil o torna um membro de equipe vers\u00e1til e requisitado.<\/p>\n\n\n\n<h2 class=\"wp-block-heading\">Promovendo a inclus\u00e3o e a colabora\u00e7\u00e3o<\/h2>\n\n\n\n<ul>\n<li>Eles buscam ativamente equipes diversas, onde perspectivas e experi\u00eancias diferentes estimulem a inova\u00e7\u00e3o e a criatividade desde o primeiro dia.<\/li>\n\n\n\n<li>Organizar regularmente sess\u00f5es de brainstorming abertas para garantir que todas as vozes sejam ouvidas, n\u00e3o apenas as dos l\u00edderes experientes.<\/li>\n\n\n\n<li>Promover o trabalho em equipe flex\u00edvel, permitindo que os membros participem remotamente ou de forma ass\u00edncrona, conforme necess\u00e1rio para o seu bem-estar.<\/li>\n\n\n\n<li>Apoiar o desenvolvimento de rela\u00e7\u00f5es de mentoria entre novos contratados e funcion\u00e1rios mais experientes, incentivando a troca de conhecimento entre gera\u00e7\u00f5es.<\/li>\n\n\n\n<li>Estabelecer canais de feedback em reuni\u00f5es para que os funcion\u00e1rios possam expressar suas preocupa\u00e7\u00f5es e compartilhar opini\u00f5es de forma regular e confort\u00e1vel.<\/li>\n\n\n\n<li>Priorizar a transpar\u00eancia em rela\u00e7\u00e3o \u00e0 progress\u00e3o na carreira, para que funcion\u00e1rios de todas as origens tenham caminhos claros para o avan\u00e7o profissional.<\/li>\n<\/ul>\n\n\n\n<p>Essas abordagens colaborativas n\u00e3o apenas ajudam a Gera\u00e7\u00e3o Z a se sentir inclu\u00edda, como tamb\u00e9m melhoram a inova\u00e7\u00e3o e a confian\u00e7a entre gera\u00e7\u00f5es, resultando em culturas de trabalho onde novas ideias e r\u00e1pida adapta\u00e7\u00e3o prosperam.<\/p>\n\n\n\n<p>Promover essa cultura de inclus\u00e3o tamb\u00e9m significa que as organiza\u00e7\u00f5es s\u00e3o mais resilientes, capazes de responder rapidamente a novos desafios e est\u00e3o em melhor posi\u00e7\u00e3o para atrair os melhores talentos em um mercado de trabalho competitivo.<\/p>\n\n\n\n<h2 class=\"wp-block-heading\">Adapta\u00e7\u00e3o dos estilos de lideran\u00e7a e da cultura organizacional<\/h2>\n\n\n\n<p>Os l\u00edderes de hoje enfrentam escolhas: manter-se fi\u00e9is a modelos hier\u00e1rquicos ou adotar a inclus\u00e3o e o coaching. Comparando os dois cen\u00e1rios, as equipes lideradas por gestores colaborativos geralmente apresentam desempenho superior \u00e0s equipes conduzidas apenas pela autoridade.<\/p>\n\n\n\n<p>Imagine uma empresa onde as decis\u00f5es de gest\u00e3o s\u00e3o compartilhadas. Os funcion\u00e1rios contribuem com ideias, oferecem sugest\u00f5es para novos projetos e aprendem junto com os supervisores \u2014 o resultado \u00e9 maior motiva\u00e7\u00e3o e criatividade.<\/p>\n\n\n\n<p>Contudo, se uma organiza\u00e7\u00e3o se mantiver inflex\u00edvel quanto \u00e0 comunica\u00e7\u00e3o &quot;de cima para baixo&quot;, os funcion\u00e1rios mais jovens podem se demitir ou perder o engajamento. Esse contraste evidencia por que a lideran\u00e7a flex\u00edvel \u00e9 cada vez mais crucial.<\/p>\n\n\n\n<h2 class=\"wp-block-heading\">Conclus\u00e3o: O que o impacto da Gera\u00e7\u00e3o Z significa para todos n\u00f3s<\/h2>\n\n\n\n<p>\u00c0 medida que a Gera\u00e7\u00e3o Z continua a entrar no mercado de trabalho, suas prefer\u00eancias por comunica\u00e7\u00e3o, flexibilidade e trabalho orientado a valores est\u00e3o moldando novos padr\u00f5es de colabora\u00e7\u00e3o, lideran\u00e7a e inova\u00e7\u00e3o em diversos setores.<\/p>\n\n\n\n<p>O ambiente de trabalho est\u00e1 se tornando mais din\u00e2mico, inclusivo e impulsionado pela tecnologia. Essas mudan\u00e7as beneficiam n\u00e3o apenas a Gera\u00e7\u00e3o Z, mas tamb\u00e9m os funcion\u00e1rios e as organiza\u00e7\u00f5es que se esfor\u00e7am para se manterem relevantes, competitivos e resilientes diante das transforma\u00e7\u00f5es.<\/p>\n\n\n\n<p>Ao adotarem essas normas em constante evolu\u00e7\u00e3o, as empresas conquistam equipes criativas e engajadas, motivadas por algo mais do que apenas um sal\u00e1rio. Os efeitos positivos se estendem a todos os n\u00edveis da empresa e infundem um novo significado ao trabalho.<\/p>\n\n\n\n<p>Em \u00faltima an\u00e1lise, a abordagem da Gera\u00e7\u00e3o Z nos convida a repensar o que significa prosperar profissionalmente \u2014 onde prop\u00f3sito, crescimento e conex\u00e3o assumem o protagonismo.<\/p>\n\n\n<div class=\"wp-block-lazyblock-cta lazyblock-cta-2cMJPQ\">\n\n<section class=\"cta mx-5 sm:mx-0 text-gray-600 body-font my-10 border-gray-200 border-b border-l border-r sm:border-0\">\n  <div class=\"h-1 bg-gray-200 rounded overflow-hidden\">\n    <div class=\"w-24 h-full\"><\/div>\n  <\/div>\n  <div class=\"container px-5 pt-6 pb-6 mx-auto flex flex-wrap\" data-anchor-target=\"lazyBlock\">    \n  \n          <a class=\"flex flex-wrap content-center w-full mb-4 md:hidden\" href=\"https:\/\/thefinancialincome.com\/pt\/the-power-of-feedback\/\" data-analytics-label=\"ctaImage\" data-action=\"analytics#trackCTA\" aria-label=\"O Poder do Feedback: Como Us\u00e1-lo para Crescer\">\n        <div class=\"m-auto float-none\">\n          <img decoding=\"async\" loading=\"lazy\" src=\"https:\/\/thefinancialincome.com\/wp-content\/uploads\/sites\/509\/2025\/08\/Design-sem-nome-1-1.jpg\" alt=\"Feedback\">\n        <\/div>\n      <\/a>\n        <h2 class=\"w-full sm:text-3xl text-2xl text-gray-900 font-medium title-font mb-2 text-center md:text-left md:w-2\/5\">\n      <a style=\"text-decoration: none;\" href=\"https:\/\/thefinancialincome.com\/pt\/the-power-of-feedback\/\" data-analytics-label=\"ctaTitle\" data-action=\"analytics#trackCTA\" aria-label=\"O Poder do Feedback: Como Us\u00e1-lo para Crescer\">\n          O Poder do Feedback: Como Us\u00e1-lo para Crescer      <\/a>\n    <\/h2>\n    <div class=\"w-full md:w-3\/5 md:pl-6\">\n      <p class=\"text-center md:text-left leading-relaxed text-base\">\n          Abrace o feedback para o crescimento. Aprenda a receber, aplicar e transformar insights em melhorias pr\u00e1ticas para alcan\u00e7ar o sucesso.      <\/p>\n      <div class=\"flex mt-6 w-full flex-1 justify-center ml-auto md:mt-4 md:justify-start\" style=\"font-weight: bold;\">\n        <a style=\"text-decoration: none;\" class=\"inline-flex items-center\" href=\"https:\/\/thefinancialincome.com\/pt\/the-power-of-feedback\/\" data-analytics-label=\"ctaButton\" data-action=\"analytics#trackCTA\" >\n          Keep Reading          <svg fill=\"none\" stroke=\"currentColor\" stroke-linecap=\"round\" stroke-linejoin=\"round\" stroke-width=\"2\" class=\"w-4 h-4 ml-2\" viewbox=\"0 0 24 24\">\n            <path d=\"M5 12h14M12 5l7 7-7 7\"><\/path>\n          <\/svg>\n        <\/a>\n      <\/div>\n    <\/div>  \n        \n  <\/div>\n<\/section><\/div>","protected":false},"excerpt":{"rendered":"<p>A Gera\u00e7\u00e3o Z est\u00e1 transformando a cultura, a comunica\u00e7\u00e3o e a lideran\u00e7a no ambiente de trabalho. Descubra como seus valores impulsionam a mudan\u00e7a, moldando um futuro do trabalho mais din\u00e2mico, inclusivo e colaborativo para todos.<\/p>","protected":false},"author":26,"featured_media":950,"comment_status":"closed","ping_status":"open","sticky":false,"template":"","format":"standard","meta":{"_uag_custom_page_level_css":"","site-sidebar-layout":"default","site-content-layout":"","ast-site-content-layout":"default","site-content-style":"default","site-sidebar-style":"default","ast-global-header-display":"","ast-banner-title-visibility":"","ast-main-header-display":"","ast-hfb-above-header-display":"","ast-hfb-below-header-display":"","ast-hfb-mobile-header-display":"","site-post-title":"","ast-breadcrumbs-content":"","ast-featured-img":"","footer-sml-layout":"","theme-transparent-header-meta":"","adv-header-id-meta":"","stick-header-meta":"","header-above-stick-meta":"","header-main-stick-meta":"","header-below-stick-meta":"","astra-migrate-meta-layouts":"set","ast-page-background-enabled":"default","ast-page-background-meta":{"desktop":{"background-color":"var(--ast-global-color-4)","background-image":"","background-repeat":"repeat","background-position":"center center","background-size":"auto","background-attachment":"scroll","background-type":"","background-media":"","overlay-type":"","overlay-color":"","overlay-opacity":"","overlay-gradient":""},"tablet":{"background-color":"","background-image":"","background-repeat":"repeat","background-position":"center center","background-size":"auto","background-attachment":"scroll","background-type":"","background-media":"","overlay-type":"","overlay-color":"","overlay-opacity":"","overlay-gradient":""},"mobile":{"background-color":"","background-image":"","background-repeat":"repeat","background-position":"center center","background-size":"auto","background-attachment":"scroll","background-type":"","background-media":"","overlay-type":"","overlay-color":"","overlay-opacity":"","overlay-gradient":""}},"ast-content-background-meta":{"desktop":{"background-color":"var(--ast-global-color-5)","background-image":"","background-repeat":"repeat","background-position":"center center","background-size":"auto","background-attachment":"scroll","background-type":"","background-media":"","overlay-type":"","overlay-color":"","overlay-opacity":"","overlay-gradient":""},"tablet":{"background-color":"var(--ast-global-color-5)","background-image":"","background-repeat":"repeat","background-position":"center center","background-size":"auto","background-attachment":"scroll","background-type":"","background-media":"","overlay-type":"","overlay-color":"","overlay-opacity":"","overlay-gradient":""},"mobile":{"background-color":"var(--ast-global-color-5)","background-image":"","background-repeat":"repeat","background-position":"center center","background-size":"auto","background-attachment":"scroll","background-type":"","background-media":"","overlay-type":"","overlay-color":"","overlay-opacity":"","overlay-gradient":""}},"footnotes":""},"categories":[6],"tags":[],"yoast_head":"<!-- This site is optimized with the Yoast SEO plugin v23.3 - https:\/\/yoast.com\/wordpress\/plugins\/seo\/ -->\n<title>Gen Z in the Workplace: What\u2019s Changing - The Financial Income<\/title>\n<meta name=\"description\" content=\"Gen Z is reshaping the workplace with their focus on flexibility, tech fluency, and purpose-driven work. Here&#039;s how.\" \/>\n<meta name=\"robots\" content=\"index, follow, max-snippet:-1, max-image-preview:large, max-video-preview:-1\" \/>\n<link rel=\"canonical\" href=\"https:\/\/thefinancialincome.com\/pt\/gen-z-in-the-workplace\/\" \/>\n<meta property=\"og:locale\" content=\"pt_BR\" \/>\n<meta property=\"og:type\" content=\"article\" \/>\n<meta property=\"og:title\" content=\"Gen Z in the Workplace: What\u2019s Changing - The Financial Income\" \/>\n<meta property=\"og:description\" content=\"Gen Z is reshaping the workplace with their focus on flexibility, tech fluency, and purpose-driven work. Here&#039;s how.\" \/>\n<meta property=\"og:url\" content=\"https:\/\/thefinancialincome.com\/pt\/gen-z-in-the-workplace\/\" \/>\n<meta property=\"og:site_name\" content=\"The Financial Income\" \/>\n<meta property=\"article:published_time\" content=\"2025-08-21T20:57:00+00:00\" \/>\n<meta property=\"article:modified_time\" content=\"2026-01-02T04:01:02+00:00\" \/>\n<meta property=\"og:image\" content=\"https:\/\/thefinancialincome.com\/wp-content\/uploads\/sites\/509\/2025\/08\/Design-sem-nome-6-8.jpg\" \/>\n\t<meta property=\"og:image:width\" content=\"1000\" \/>\n\t<meta property=\"og:image:height\" content=\"600\" \/>\n\t<meta property=\"og:image:type\" content=\"image\/jpeg\" \/>\n<meta name=\"author\" content=\"Amanda Laet\" \/>\n<meta name=\"twitter:card\" content=\"summary_large_image\" \/>\n<meta name=\"twitter:label1\" content=\"Written by\" \/>\n\t<meta name=\"twitter:data1\" content=\"Amanda Laet\" \/>\n\t<meta name=\"twitter:label2\" content=\"Est. reading time\" \/>\n\t<meta name=\"twitter:data2\" content=\"7 minutos\" \/>\n<script type=\"application\/ld+json\" class=\"yoast-schema-graph\">{\"@context\":\"https:\/\/schema.org\",\"@graph\":[{\"@type\":\"Article\",\"@id\":\"https:\/\/thefinancialincome.com\/gen-z-in-the-workplace\/#article\",\"isPartOf\":{\"@id\":\"https:\/\/thefinancialincome.com\/gen-z-in-the-workplace\/\"},\"author\":{\"name\":\"Amanda Laet\",\"@id\":\"https:\/\/thefinancialincome.com\/#\/schema\/person\/c4debdb1f59e309ed4eab6c235e6ba7f\"},\"headline\":\"Gen Z in the Workplace: What\u2019s Changing\",\"datePublished\":\"2025-08-21T20:57:00+00:00\",\"dateModified\":\"2026-01-02T04:01:02+00:00\",\"mainEntityOfPage\":{\"@id\":\"https:\/\/thefinancialincome.com\/gen-z-in-the-workplace\/\"},\"wordCount\":1352,\"publisher\":{\"@id\":\"https:\/\/thefinancialincome.com\/#organization\"},\"image\":{\"@id\":\"https:\/\/thefinancialincome.com\/gen-z-in-the-workplace\/#primaryimage\"},\"thumbnailUrl\":\"https:\/\/thefinancialincome.com\/wp-content\/uploads\/sites\/509\/2025\/08\/Design-sem-nome-6-8.jpg\",\"articleSection\":[\"Employment Trends\"],\"inLanguage\":\"pt-BR\"},{\"@type\":\"WebPage\",\"@id\":\"https:\/\/thefinancialincome.com\/gen-z-in-the-workplace\/\",\"url\":\"https:\/\/thefinancialincome.com\/gen-z-in-the-workplace\/\",\"name\":\"Gen Z in the Workplace: What\u2019s Changing - The Financial Income\",\"isPartOf\":{\"@id\":\"https:\/\/thefinancialincome.com\/#website\"},\"primaryImageOfPage\":{\"@id\":\"https:\/\/thefinancialincome.com\/gen-z-in-the-workplace\/#primaryimage\"},\"image\":{\"@id\":\"https:\/\/thefinancialincome.com\/gen-z-in-the-workplace\/#primaryimage\"},\"thumbnailUrl\":\"https:\/\/thefinancialincome.com\/wp-content\/uploads\/sites\/509\/2025\/08\/Design-sem-nome-6-8.jpg\",\"datePublished\":\"2025-08-21T20:57:00+00:00\",\"dateModified\":\"2026-01-02T04:01:02+00:00\",\"description\":\"Gen Z is reshaping the workplace with their focus on flexibility, tech fluency, and purpose-driven work. Here's how.\",\"breadcrumb\":{\"@id\":\"https:\/\/thefinancialincome.com\/gen-z-in-the-workplace\/#breadcrumb\"},\"inLanguage\":\"pt-BR\",\"potentialAction\":[{\"@type\":\"ReadAction\",\"target\":[\"https:\/\/thefinancialincome.com\/gen-z-in-the-workplace\/\"]}]},{\"@type\":\"ImageObject\",\"inLanguage\":\"pt-BR\",\"@id\":\"https:\/\/thefinancialincome.com\/gen-z-in-the-workplace\/#primaryimage\",\"url\":\"https:\/\/thefinancialincome.com\/wp-content\/uploads\/sites\/509\/2025\/08\/Design-sem-nome-6-8.jpg\",\"contentUrl\":\"https:\/\/thefinancialincome.com\/wp-content\/uploads\/sites\/509\/2025\/08\/Design-sem-nome-6-8.jpg\",\"width\":1000,\"height\":600,\"caption\":\"Source: Canva\"},{\"@type\":\"BreadcrumbList\",\"@id\":\"https:\/\/thefinancialincome.com\/gen-z-in-the-workplace\/#breadcrumb\",\"itemListElement\":[{\"@type\":\"ListItem\",\"position\":1,\"name\":\"Home\",\"item\":\"https:\/\/thefinancialincome.com\/\"},{\"@type\":\"ListItem\",\"position\":2,\"name\":\"Gen Z in the Workplace: What\u2019s Changing\"}]},{\"@type\":\"WebSite\",\"@id\":\"https:\/\/thefinancialincome.com\/#website\",\"url\":\"https:\/\/thefinancialincome.com\/\",\"name\":\"The Financial Income\",\"description\":\"\",\"publisher\":{\"@id\":\"https:\/\/thefinancialincome.com\/#organization\"},\"potentialAction\":[{\"@type\":\"SearchAction\",\"target\":{\"@type\":\"EntryPoint\",\"urlTemplate\":\"https:\/\/thefinancialincome.com\/?s={search_term_string}\"},\"query-input\":\"required name=search_term_string\"}],\"inLanguage\":\"pt-BR\"},{\"@type\":\"Organization\",\"@id\":\"https:\/\/thefinancialincome.com\/#organization\",\"name\":\"The Financial Income\",\"url\":\"https:\/\/thefinancialincome.com\/\",\"logo\":{\"@type\":\"ImageObject\",\"inLanguage\":\"pt-BR\",\"@id\":\"https:\/\/thefinancialincome.com\/#\/schema\/logo\/image\/\",\"url\":\"https:\/\/thefinancialincome.com\/wp-content\/uploads\/sites\/509\/2025\/12\/cropped-The-Financial-Income-01_-1.png\",\"contentUrl\":\"https:\/\/thefinancialincome.com\/wp-content\/uploads\/sites\/509\/2025\/12\/cropped-The-Financial-Income-01_-1.png\",\"width\":478,\"height\":455,\"caption\":\"The Financial Income\"},\"image\":{\"@id\":\"https:\/\/thefinancialincome.com\/#\/schema\/logo\/image\/\"}},{\"@type\":\"Person\",\"@id\":\"https:\/\/thefinancialincome.com\/#\/schema\/person\/c4debdb1f59e309ed4eab6c235e6ba7f\",\"name\":\"Amanda Laet\",\"image\":{\"@type\":\"ImageObject\",\"inLanguage\":\"pt-BR\",\"@id\":\"https:\/\/thefinancialincome.com\/#\/schema\/person\/image\/\",\"url\":\"https:\/\/secure.gravatar.com\/avatar\/9b309751207ecb9bf4933d961aebd09d?s=96&d=mm&r=g\",\"contentUrl\":\"https:\/\/secure.gravatar.com\/avatar\/9b309751207ecb9bf4933d961aebd09d?s=96&d=mm&r=g\",\"caption\":\"Amanda Laet\"},\"url\":\"https:\/\/thefinancialincome.com\/pt\/author\/amandalaet\/\"}]}<\/script>\n<!-- \/ Yoast SEO plugin. -->","yoast_head_json":{"title":"Gen Z in the Workplace: What\u2019s Changing - The Financial Income","description":"Gen Z is reshaping the workplace with their focus on flexibility, tech fluency, and purpose-driven work. Here's how.","robots":{"index":"index","follow":"follow","max-snippet":"max-snippet:-1","max-image-preview":"max-image-preview:large","max-video-preview":"max-video-preview:-1"},"canonical":"https:\/\/thefinancialincome.com\/pt\/gen-z-in-the-workplace\/","og_locale":"pt_BR","og_type":"article","og_title":"Gen Z in the Workplace: What\u2019s Changing - The Financial Income","og_description":"Gen Z is reshaping the workplace with their focus on flexibility, tech fluency, and purpose-driven work. Here's how.","og_url":"https:\/\/thefinancialincome.com\/pt\/gen-z-in-the-workplace\/","og_site_name":"The Financial Income","article_published_time":"2025-08-21T20:57:00+00:00","article_modified_time":"2026-01-02T04:01:02+00:00","og_image":[{"width":1000,"height":600,"url":"https:\/\/thefinancialincome.com\/wp-content\/uploads\/sites\/509\/2025\/08\/Design-sem-nome-6-8.jpg","type":"image\/jpeg"}],"author":"Amanda Laet","twitter_card":"summary_large_image","twitter_misc":{"Written by":"Amanda Laet","Est. reading time":"7 minutos"},"schema":{"@context":"https:\/\/schema.org","@graph":[{"@type":"Article","@id":"https:\/\/thefinancialincome.com\/gen-z-in-the-workplace\/#article","isPartOf":{"@id":"https:\/\/thefinancialincome.com\/gen-z-in-the-workplace\/"},"author":{"name":"Amanda Laet","@id":"https:\/\/thefinancialincome.com\/#\/schema\/person\/c4debdb1f59e309ed4eab6c235e6ba7f"},"headline":"Gen Z in the Workplace: What\u2019s Changing","datePublished":"2025-08-21T20:57:00+00:00","dateModified":"2026-01-02T04:01:02+00:00","mainEntityOfPage":{"@id":"https:\/\/thefinancialincome.com\/gen-z-in-the-workplace\/"},"wordCount":1352,"publisher":{"@id":"https:\/\/thefinancialincome.com\/#organization"},"image":{"@id":"https:\/\/thefinancialincome.com\/gen-z-in-the-workplace\/#primaryimage"},"thumbnailUrl":"https:\/\/thefinancialincome.com\/wp-content\/uploads\/sites\/509\/2025\/08\/Design-sem-nome-6-8.jpg","articleSection":["Employment Trends"],"inLanguage":"pt-BR"},{"@type":"WebPage","@id":"https:\/\/thefinancialincome.com\/gen-z-in-the-workplace\/","url":"https:\/\/thefinancialincome.com\/gen-z-in-the-workplace\/","name":"Gen Z in the Workplace: What\u2019s Changing - The Financial Income","isPartOf":{"@id":"https:\/\/thefinancialincome.com\/#website"},"primaryImageOfPage":{"@id":"https:\/\/thefinancialincome.com\/gen-z-in-the-workplace\/#primaryimage"},"image":{"@id":"https:\/\/thefinancialincome.com\/gen-z-in-the-workplace\/#primaryimage"},"thumbnailUrl":"https:\/\/thefinancialincome.com\/wp-content\/uploads\/sites\/509\/2025\/08\/Design-sem-nome-6-8.jpg","datePublished":"2025-08-21T20:57:00+00:00","dateModified":"2026-01-02T04:01:02+00:00","description":"Gen Z is reshaping the workplace with their focus on flexibility, tech fluency, and purpose-driven work. Here's how.","breadcrumb":{"@id":"https:\/\/thefinancialincome.com\/gen-z-in-the-workplace\/#breadcrumb"},"inLanguage":"pt-BR","potentialAction":[{"@type":"ReadAction","target":["https:\/\/thefinancialincome.com\/gen-z-in-the-workplace\/"]}]},{"@type":"ImageObject","inLanguage":"pt-BR","@id":"https:\/\/thefinancialincome.com\/gen-z-in-the-workplace\/#primaryimage","url":"https:\/\/thefinancialincome.com\/wp-content\/uploads\/sites\/509\/2025\/08\/Design-sem-nome-6-8.jpg","contentUrl":"https:\/\/thefinancialincome.com\/wp-content\/uploads\/sites\/509\/2025\/08\/Design-sem-nome-6-8.jpg","width":1000,"height":600,"caption":"Source: Canva"},{"@type":"BreadcrumbList","@id":"https:\/\/thefinancialincome.com\/gen-z-in-the-workplace\/#breadcrumb","itemListElement":[{"@type":"ListItem","position":1,"name":"Home","item":"https:\/\/thefinancialincome.com\/"},{"@type":"ListItem","position":2,"name":"Gen Z in the Workplace: What\u2019s Changing"}]},{"@type":"WebSite","@id":"https:\/\/thefinancialincome.com\/#website","url":"https:\/\/thefinancialincome.com\/","name":"The Financial Income","description":"","publisher":{"@id":"https:\/\/thefinancialincome.com\/#organization"},"potentialAction":[{"@type":"SearchAction","target":{"@type":"EntryPoint","urlTemplate":"https:\/\/thefinancialincome.com\/?s={search_term_string}"},"query-input":"required name=search_term_string"}],"inLanguage":"pt-BR"},{"@type":"Organization","@id":"https:\/\/thefinancialincome.com\/#organization","name":"The Financial Income","url":"https:\/\/thefinancialincome.com\/","logo":{"@type":"ImageObject","inLanguage":"pt-BR","@id":"https:\/\/thefinancialincome.com\/#\/schema\/logo\/image\/","url":"https:\/\/thefinancialincome.com\/wp-content\/uploads\/sites\/509\/2025\/12\/cropped-The-Financial-Income-01_-1.png","contentUrl":"https:\/\/thefinancialincome.com\/wp-content\/uploads\/sites\/509\/2025\/12\/cropped-The-Financial-Income-01_-1.png","width":478,"height":455,"caption":"The Financial Income"},"image":{"@id":"https:\/\/thefinancialincome.com\/#\/schema\/logo\/image\/"}},{"@type":"Person","@id":"https:\/\/thefinancialincome.com\/#\/schema\/person\/c4debdb1f59e309ed4eab6c235e6ba7f","name":"Amanda Laet","image":{"@type":"ImageObject","inLanguage":"pt-BR","@id":"https:\/\/thefinancialincome.com\/#\/schema\/person\/image\/","url":"https:\/\/secure.gravatar.com\/avatar\/9b309751207ecb9bf4933d961aebd09d?s=96&d=mm&r=g","contentUrl":"https:\/\/secure.gravatar.com\/avatar\/9b309751207ecb9bf4933d961aebd09d?s=96&d=mm&r=g","caption":"Amanda Laet"},"url":"https:\/\/thefinancialincome.com\/pt\/author\/amandalaet\/"}]}},"uagb_featured_image_src":{"full":["https:\/\/thefinancialincome.com\/wp-content\/uploads\/sites\/509\/2025\/08\/Design-sem-nome-6-8.jpg",1000,600,false],"thumbnail":["https:\/\/thefinancialincome.com\/wp-content\/uploads\/sites\/509\/2025\/08\/Design-sem-nome-6-8-150x150.jpg",150,150,true],"medium":["https:\/\/thefinancialincome.com\/wp-content\/uploads\/sites\/509\/2025\/08\/Design-sem-nome-6-8-300x180.jpg",300,180,true],"medium_large":["https:\/\/thefinancialincome.com\/wp-content\/uploads\/sites\/509\/2025\/08\/Design-sem-nome-6-8-768x461.jpg",768,461,true],"large":["https:\/\/thefinancialincome.com\/wp-content\/uploads\/sites\/509\/2025\/08\/Design-sem-nome-6-8.jpg",1000,600,false],"1536x1536":["https:\/\/thefinancialincome.com\/wp-content\/uploads\/sites\/509\/2025\/08\/Design-sem-nome-6-8.jpg",1000,600,false],"2048x2048":["https:\/\/thefinancialincome.com\/wp-content\/uploads\/sites\/509\/2025\/08\/Design-sem-nome-6-8.jpg",1000,600,false],"trp-custom-language-flag":["https:\/\/thefinancialincome.com\/wp-content\/uploads\/sites\/509\/2025\/08\/Design-sem-nome-6-8-18x12.jpg",18,12,true]},"uagb_author_info":{"display_name":"Amanda Laet","author_link":"https:\/\/thefinancialincome.com\/pt\/author\/amandalaet\/"},"uagb_comment_info":0,"uagb_excerpt":"Gen Z is transforming workplace culture, communication, and leadership. Discover how their values drive change, shaping a more dynamic, inclusive, and collaborative future of work for everyone.","_links":{"self":[{"href":"https:\/\/thefinancialincome.com\/pt\/wp-json\/wp\/v2\/posts\/136"}],"collection":[{"href":"https:\/\/thefinancialincome.com\/pt\/wp-json\/wp\/v2\/posts"}],"about":[{"href":"https:\/\/thefinancialincome.com\/pt\/wp-json\/wp\/v2\/types\/post"}],"author":[{"embeddable":true,"href":"https:\/\/thefinancialincome.com\/pt\/wp-json\/wp\/v2\/users\/26"}],"replies":[{"embeddable":true,"href":"https:\/\/thefinancialincome.com\/pt\/wp-json\/wp\/v2\/comments?post=136"}],"version-history":[{"count":3,"href":"https:\/\/thefinancialincome.com\/pt\/wp-json\/wp\/v2\/posts\/136\/revisions"}],"predecessor-version":[{"id":952,"href":"https:\/\/thefinancialincome.com\/pt\/wp-json\/wp\/v2\/posts\/136\/revisions\/952"}],"wp:featuredmedia":[{"embeddable":true,"href":"https:\/\/thefinancialincome.com\/pt\/wp-json\/wp\/v2\/media\/950"}],"wp:attachment":[{"href":"https:\/\/thefinancialincome.com\/pt\/wp-json\/wp\/v2\/media?parent=136"}],"wp:term":[{"taxonomy":"category","embeddable":true,"href":"https:\/\/thefinancialincome.com\/pt\/wp-json\/wp\/v2\/categories?post=136"},{"taxonomy":"post_tag","embeddable":true,"href":"https:\/\/thefinancialincome.com\/pt\/wp-json\/wp\/v2\/tags?post=136"}],"curies":[{"name":"wp","href":"https:\/\/api.w.org\/{rel}","templated":true}]}}